{"id":840,"date":"2011-11-22T12:18:04","date_gmt":"2011-11-22T18:18:04","guid":{"rendered":"http:\/\/www.plurinominal.com.mx\/?p=840"},"modified":"2011-12-09T12:18:40","modified_gmt":"2011-12-09T18:18:40","slug":"buena-respuesta-para-el-cbta","status":"publish","type":"post","link":"https:\/\/www.plurinominal.com.mx\/?p=840","title":{"rendered":"Buena respuesta para el CBTA"},"content":{"rendered":"<p>Se inform\u00f3 sobre el env\u00edo de una Comisi\u00f3n para analizar las carencias del centro educativo<\/p>\n<p>Ma. del Carmen V.<br \/>\nEste 17 de Noviembre, el Secretario de Educaci\u00f3n del Gobierno del Estado Juan Antonio Mart\u00ednez Mart\u00ednez, prometi\u00f3 conocer sobre las carencias que enfrenta el centro educativo, de manera detallada.<br \/>\nDespu\u00e9s de la entrevista que sostuvo el funcionario con alumnos y maestros de la escuela de nivel medio superior, \u00e9stos recibieron como respuesta que una Comisi\u00f3n se har\u00eda presente el martes 22 de noviembre, a las 10: 30 de la ma\u00f1ana en las instalaciones del CBTA.<br \/>\nSe inform\u00f3 a Plurinominal al cierre de este n\u00famero, que estar\u00eda integrada por el Subsecretario de educaci\u00f3n, el Jefe del Departamento de Planeaci\u00f3n y otros maestros, que conocer\u00edan la problem\u00e1tica que enfrenta el CBTA.<br \/>\nA menos de ocho d\u00edas de haberse entrevistado con el grupo de alumnos y profesores encabezados por el director del centro educativo Juan Manuel Mart\u00ednez S\u00e1nchez, se recibi\u00f3 la respuesta.<br \/>\nEl jueves, se le explic\u00f3 al Secretario de Educaci\u00f3n que se requieren aulas, motivos expresados tambi\u00e9n por Domitilo Luna Mel\u00e9ndez y Jes\u00fas Villafuerte.<br \/>\nAgregaron que la escuela cuenta con una poblaci\u00f3n escolar alta, y no es suficiente dar atenci\u00f3n a todo el alumnado, lo que lleva a utilizar espacios inapropiados.<br \/>\nSe indic\u00f3 que existen otros Centros de Bachillerato Tecnol\u00f3gico que han recibido respuestas positivas, por parte de la Secretar\u00eda de educaci\u00f3n.<br \/>\nTal es el caso de los ubicados en Ciudad del Ma\u00edz y la Delegaci\u00f3n de Pozos.<br \/>\nIgualmente en la ciudad de Matehuala se construyeron aulas para el CBTA, donde cuentan con una menor poblaci\u00f3n de alumnos que el Centro de Bachillerato Tecnol\u00f3gico ubicado en Cerritos.<br \/>\nEl CBTA 123 ha destacado a nivel nacional al obtener el primer lugar en la prueba  ENLACE en el pasado ciclo escolar. Con eso los profesores han demostrado que la educaci\u00f3n que se imparte en el centro educativo de nivel bachillerato \u201ces de calidad\u201d.<br \/>\nAl conocer la noticia, padres de familia solicitaron que se les incluyera en el di\u00e1logo con la Comisi\u00f3n que envi\u00f3 la SEGE.<br \/>\nComentaron que la falta de infraestructura en el CBTA se encamina a un fen\u00f3meno social, pues de no encontrar una respuesta favorable a su petici\u00f3n amenazan con tomar dr\u00e1sticas medidas como cuando no se daba respuesta a la colocaci\u00f3n de topes en el libramiento.<br \/>\nLos padres de familia consideran que solamente mediante presi\u00f3n las autoridades toman cartas en los asuntos.<br \/>\nLa falta de credibilidad a los organismos gubernamentales obedece, a que desde la \u00e9poca de Marcelo de los Santos se prometi\u00f3 la construcci\u00f3n de aulas, \u00abpero solamente vinieron, midieron, realizaron estudios t\u00e9cnicos y nada\u00bb. Hoy creen que ahora ocurrir\u00e1 lo mismo.<br \/>\nConsideraron que durante la reuni\u00f3n, era necesaria la presencia de padres de familia, alumnos, autoridades Sindicales, y Jes\u00fas Villafuerte, Presidente del Consejo T\u00e9cnico a nivel estado.<\/p>\n","protected":false},"excerpt":{"rendered":"<p>Se inform\u00f3 sobre el env\u00edo de una Comisi\u00f3n para analizar las carencias del centro educativo Ma. del Carmen V. Este 17 de Noviembre, el Secretario de Educaci\u00f3n del Gobierno del&#8230;<\/p>\n","protected":false},"author":1,"featured_media":0,"comment_status":"closed","ping_status":"open","sticky":false,"template":"","format":"standard","meta":{"footnotes":""},"categories":[3],"tags":[413,412],"class_list":["post-840","post","type-post","status-publish","format-standard","hentry","category-cerritos","tag-cbta123","tag-uan-manuel-martinez-sanchez","entry","simple"],"_links":{"self":[{"href":"https:\/\/www.plurinominal.com.mx\/index.php?rest_route=\/wp\/v2\/posts\/840","targetHints":{"allow":["GET"]}}],"collection":[{"href":"https:\/\/www.plurinominal.com.mx\/index.php?rest_route=\/wp\/v2\/posts"}],"about":[{"href":"https:\/\/www.plurinominal.com.mx\/index.php?rest_route=\/wp\/v2\/types\/post"}],"author":[{"embeddable":true,"href":"https:\/\/www.plurinominal.com.mx\/index.php?rest_route=\/wp\/v2\/users\/1"}],"replies":[{"embeddable":true,"href":"https:\/\/www.plurinominal.com.mx\/index.php?rest_route=%2Fwp%2Fv2%2Fcomments&post=840"}],"version-history":[{"count":0,"href":"https:\/\/www.plurinominal.com.mx\/index.php?rest_route=\/wp\/v2\/posts\/840\/revisions"}],"wp:attachment":[{"href":"https:\/\/www.plurinominal.com.mx\/index.php?rest_route=%2Fwp%2Fv2%2Fmedia&parent=840"}],"wp:term":[{"taxonomy":"category","embeddable":true,"href":"https:\/\/www.plurinominal.com.mx\/index.php?rest_route=%2Fwp%2Fv2%2Fcategories&post=840"},{"taxonomy":"post_tag","embeddable":true,"href":"https:\/\/www.plurinominal.com.mx\/index.php?rest_route=%2Fwp%2Fv2%2Ftags&post=840"}],"curies":[{"name":"wp","href":"https:\/\/api.w.org\/{rel}","templated":true}]}}