{"id":842,"date":"2011-11-24T12:19:04","date_gmt":"2011-11-24T18:19:04","guid":{"rendered":"http:\/\/www.plurinominal.com.mx\/?p=842"},"modified":"2011-12-09T12:20:11","modified_gmt":"2011-12-09T18:20:11","slug":"el-cundo%e2%80%9d-pago-lesiones-al-nino-que-atropello-en-septiembre","status":"publish","type":"post","link":"https:\/\/www.plurinominal.com.mx\/?p=842","title":{"rendered":"El Cundo\u201d pag\u00f3 lesiones al ni\u00f1o que atropell\u00f3 en septiembre"},"content":{"rendered":"<p>Del equipo de redacci\u00f3n<br \/>\nPor varios meses \u201cEl Cundo\u201d anduvo sac\u00e1ndole vuelta a su responsabilidad de pagarle a la madre de un ni\u00f1o que atropell\u00f3 en la esquina de la gasolinera \u201cde los Ruiz\u201d. Al ser detenido tuvo que responder.<br \/>\nUna bicicleta negra, \u201ctipo balona\u201d que termin\u00f3 con el rin torcido a\u00fan se encontraba guardada en la agencia ministerial de nuestro municipio.<br \/>\nEn esa oficina en reiteradas ocasiones se hab\u00eda enviado requerimiento de presentaci\u00f3n para solicitar que esta persona se presentara voluntariamente para que respondiera por los gastos de hospitalizaci\u00f3n del ni\u00f1o de 11 a\u00f1os, Felipe \u00c1vila Hern\u00e1ndez, atropellado por Secundino L\u00f3pez Luna, el 14 de septiembre del a\u00f1o en curso.<br \/>\n\u201cEl Cundo\u201d, desde esa fecha hab\u00eda sido demandado por la madre del menor, Anabel \u00c1vila Hern\u00e1ndez.<br \/>\nElla mencion\u00f3 que el sujeto le dio 10 pesos al peque\u00f1o para que no dijera nada y dejara de llorar. Despu\u00e9s se march\u00f3.<br \/>\nEn este entonces era acompa\u00f1ado por un trabajador del mercado.<br \/>\nTodos los esfuerzos para hacerle presente ante la autoridad fueron infructuosos, fue hasta que lo detuvieron el fin de semana cuando se le pudo llamar a cuentas.<br \/>\nComo no tuvo escapatoria y para evitar su consignaci\u00f3n al juzgado, prefiri\u00f3 pagar $2,500.00 (DOS MIL QUINIENTOS PESOS).<br \/>\nTrascendi\u00f3 que la cantidad es s\u00f3lo una parte del total que se proporcionar\u00e1 en un futuro.<br \/>\nEn la fecha del accidente, Anabel \u00c1vila Hern\u00e1ndez de 36 a\u00f1os, con domicilio en Epifanio Castillo n\u00famero 10, consider\u00f3 una burla y descaro la cantidad de 10 pesos como saldo de la reparaci\u00f3n del da\u00f1o.<br \/>\nLos polic\u00edas acudieron al domicilio del acusado para intentar la captura, pero \u00e9ste ya no sali\u00f3 por eso la mujer denunci\u00f3 los hechos.<\/p>\n","protected":false},"excerpt":{"rendered":"<p>Del equipo de redacci\u00f3n Por varios meses \u201cEl Cundo\u201d anduvo sac\u00e1ndole vuelta a su responsabilidad de pagarle a la madre de un ni\u00f1o que atropell\u00f3 en la esquina de la&#8230;<\/p>\n","protected":false},"author":1,"featured_media":0,"comment_status":"closed","ping_status":"open","sticky":false,"template":"","format":"standard","meta":{"footnotes":""},"categories":[3],"tags":[415,414],"class_list":["post-842","post","type-post","status-publish","format-standard","hentry","category-cerritos","tag-anabel-avila-hernandez","tag-cundo","entry","simple"],"_links":{"self":[{"href":"https:\/\/www.plurinominal.com.mx\/index.php?rest_route=\/wp\/v2\/posts\/842","targetHints":{"allow":["GET"]}}],"collection":[{"href":"https:\/\/www.plurinominal.com.mx\/index.php?rest_route=\/wp\/v2\/posts"}],"about":[{"href":"https:\/\/www.plurinominal.com.mx\/index.php?rest_route=\/wp\/v2\/types\/post"}],"author":[{"embeddable":true,"href":"https:\/\/www.plurinominal.com.mx\/index.php?rest_route=\/wp\/v2\/users\/1"}],"replies":[{"embeddable":true,"href":"https:\/\/www.plurinominal.com.mx\/index.php?rest_route=%2Fwp%2Fv2%2Fcomments&post=842"}],"version-history":[{"count":0,"href":"https:\/\/www.plurinominal.com.mx\/index.php?rest_route=\/wp\/v2\/posts\/842\/revisions"}],"wp:attachment":[{"href":"https:\/\/www.plurinominal.com.mx\/index.php?rest_route=%2Fwp%2Fv2%2Fmedia&parent=842"}],"wp:term":[{"taxonomy":"category","embeddable":true,"href":"https:\/\/www.plurinominal.com.mx\/index.php?rest_route=%2Fwp%2Fv2%2Fcategories&post=842"},{"taxonomy":"post_tag","embeddable":true,"href":"https:\/\/www.plurinominal.com.mx\/index.php?rest_route=%2Fwp%2Fv2%2Ftags&post=842"}],"curies":[{"name":"wp","href":"https:\/\/api.w.org\/{rel}","templated":true}]}}