{"id":846,"date":"2011-11-21T12:21:05","date_gmt":"2011-11-21T18:21:05","guid":{"rendered":"http:\/\/www.plurinominal.com.mx\/?p=846"},"modified":"2011-12-09T12:21:39","modified_gmt":"2011-12-09T18:21:39","slug":"se-accidento-vecino-del-tepozan-sobre-el-camino-a-mezquites","status":"publish","type":"post","link":"https:\/\/www.plurinominal.com.mx\/?p=846","title":{"rendered":"Se accident\u00f3 vecino del Tepoz\u00e1n sobre el camino a Mezquites"},"content":{"rendered":"<p>Del equipo de redacci\u00f3n<br \/>\nVecino del Tepoz\u00e1n se accident\u00f3 este domingo 20 de Noviembre en el camino a Mezquites.<br \/>\nTestigos indicaron a Plurinominal sobre el percance sufrido por Roberto Mart\u00ednez Banda.<br \/>\nExplicaron c\u00f3mo el afectado a bordo de un veh\u00edculo gris, viajaba a alta velocidad.<br \/>\nAs\u00ed fue como perdi\u00f3 el control. Se sali\u00f3 del camino con direcci\u00f3n a una milpa. Luego intent\u00f3 retomar el rumbo y se volc\u00f3. La camioneta termin\u00f3 sin una llanta, la que sali\u00f3 volando debido al impacto. Se trata de una camioneta Ranger, \u2014sin placas\u2014, con engomado WF 2573 del estado de Tamaulipas, que acab\u00f3 impactada contra el tronco de un Mezquite y una roca.<br \/>\nPolic\u00edas tomaron el reporte de los hechos, para acudir al lugar acompa\u00f1ados de una ambulancia donde se traslad\u00f3 al herido. \u201cFue antes de llegar al puente, en la primera curva\u201d. Explican.<br \/>\nRoberto Mart\u00ednez fue identificado como trabajador de Obras P\u00fablicas de la presidencia en nuestro municipio, quien result\u00f3 lesionado al sufrir un golpe en la cabeza, pero no fue nada de consideraci\u00f3n.<\/p>\n","protected":false},"excerpt":{"rendered":"<p>Del equipo de redacci\u00f3n Vecino del Tepoz\u00e1n se accident\u00f3 este domingo 20 de Noviembre en el camino a Mezquites. Testigos indicaron a Plurinominal sobre el percance sufrido por Roberto Mart\u00ednez&#8230;<\/p>\n","protected":false},"author":1,"featured_media":0,"comment_status":"closed","ping_status":"open","sticky":false,"template":"","format":"standard","meta":{"footnotes":""},"categories":[3],"tags":[416],"class_list":["post-846","post","type-post","status-publish","format-standard","hentry","category-cerritos","tag-roberto-martinez","entry","simple"],"_links":{"self":[{"href":"https:\/\/www.plurinominal.com.mx\/index.php?rest_route=\/wp\/v2\/posts\/846","targetHints":{"allow":["GET"]}}],"collection":[{"href":"https:\/\/www.plurinominal.com.mx\/index.php?rest_route=\/wp\/v2\/posts"}],"about":[{"href":"https:\/\/www.plurinominal.com.mx\/index.php?rest_route=\/wp\/v2\/types\/post"}],"author":[{"embeddable":true,"href":"https:\/\/www.plurinominal.com.mx\/index.php?rest_route=\/wp\/v2\/users\/1"}],"replies":[{"embeddable":true,"href":"https:\/\/www.plurinominal.com.mx\/index.php?rest_route=%2Fwp%2Fv2%2Fcomments&post=846"}],"version-history":[{"count":0,"href":"https:\/\/www.plurinominal.com.mx\/index.php?rest_route=\/wp\/v2\/posts\/846\/revisions"}],"wp:attachment":[{"href":"https:\/\/www.plurinominal.com.mx\/index.php?rest_route=%2Fwp%2Fv2%2Fmedia&parent=846"}],"wp:term":[{"taxonomy":"category","embeddable":true,"href":"https:\/\/www.plurinominal.com.mx\/index.php?rest_route=%2Fwp%2Fv2%2Fcategories&post=846"},{"taxonomy":"post_tag","embeddable":true,"href":"https:\/\/www.plurinominal.com.mx\/index.php?rest_route=%2Fwp%2Fv2%2Ftags&post=846"}],"curies":[{"name":"wp","href":"https:\/\/api.w.org\/{rel}","templated":true}]}}