{"id":854,"date":"2011-11-24T12:27:32","date_gmt":"2011-11-24T18:27:32","guid":{"rendered":"http:\/\/www.plurinominal.com.mx\/?p=854"},"modified":"2011-12-09T12:27:57","modified_gmt":"2011-12-09T18:27:57","slug":"por-adeudo-de-fotos-la-dejo-sin-luz","status":"publish","type":"post","link":"https:\/\/www.plurinominal.com.mx\/?p=854","title":{"rendered":"Por adeudo de fotos la dej\u00f3 sin luz"},"content":{"rendered":"<p>Del equipo de redacci\u00f3n<br \/>\nMujer acus\u00f3 a sujeto de cortar la electricidad de su casa, debido a un adeudo por fotograf\u00edas.<br \/>\nA las 15:11 horas de este martes 22 de noviembre, lleg\u00f3 ante los polic\u00edas Mar\u00eda de Jes\u00fas \u00c1lvarez Barrag\u00e1n de 60 a\u00f1os.<br \/>\nDijo que tiene su domicilio en la calle Aldama 62 de esta ciudad.<br \/>\nAcus\u00f3 a un hombre que s\u00f3lo identific\u00f3 como \u201cfot\u00f3grafo\u201d de haber quitado los fusibles de la toma principal de corriente que tiene en su vivienda, lo que ocasion\u00f3 la p\u00e9rdida de corriente.<br \/>\nIndic\u00f3 a los uniformados que el problema se debe a un adeudo que tiene con el se\u00f1or, por unas fotograf\u00edas.<br \/>\nNo dio m\u00e1s detalles sobre el monto de la cantidad que dijo tener pendiente con el se\u00f1or, ni tampoco mencion\u00f3 a ning\u00fan testigo que pudiera se\u00f1alar al supuesto fot\u00f3grafo como el causante de los cortes de electricidad, por ello s\u00f3lo se le tom\u00f3 el reporte y la se\u00f1ora se retir\u00f3 a su hogar.<\/p>\n","protected":false},"excerpt":{"rendered":"<p>Del equipo de redacci\u00f3n Mujer acus\u00f3 a sujeto de cortar la electricidad de su casa, debido a un adeudo por fotograf\u00edas. A las 15:11 horas de este martes 22 de&#8230;<\/p>\n","protected":false},"author":1,"featured_media":0,"comment_status":"closed","ping_status":"open","sticky":false,"template":"","format":"standard","meta":{"footnotes":""},"categories":[3],"tags":[],"class_list":["post-854","post","type-post","status-publish","format-standard","hentry","category-cerritos","entry","simple"],"_links":{"self":[{"href":"https:\/\/www.plurinominal.com.mx\/index.php?rest_route=\/wp\/v2\/posts\/854","targetHints":{"allow":["GET"]}}],"collection":[{"href":"https:\/\/www.plurinominal.com.mx\/index.php?rest_route=\/wp\/v2\/posts"}],"about":[{"href":"https:\/\/www.plurinominal.com.mx\/index.php?rest_route=\/wp\/v2\/types\/post"}],"author":[{"embeddable":true,"href":"https:\/\/www.plurinominal.com.mx\/index.php?rest_route=\/wp\/v2\/users\/1"}],"replies":[{"embeddable":true,"href":"https:\/\/www.plurinominal.com.mx\/index.php?rest_route=%2Fwp%2Fv2%2Fcomments&post=854"}],"version-history":[{"count":0,"href":"https:\/\/www.plurinominal.com.mx\/index.php?rest_route=\/wp\/v2\/posts\/854\/revisions"}],"wp:attachment":[{"href":"https:\/\/www.plurinominal.com.mx\/index.php?rest_route=%2Fwp%2Fv2%2Fmedia&parent=854"}],"wp:term":[{"taxonomy":"category","embeddable":true,"href":"https:\/\/www.plurinominal.com.mx\/index.php?rest_route=%2Fwp%2Fv2%2Fcategories&post=854"},{"taxonomy":"post_tag","embeddable":true,"href":"https:\/\/www.plurinominal.com.mx\/index.php?rest_route=%2Fwp%2Fv2%2Ftags&post=854"}],"curies":[{"name":"wp","href":"https:\/\/api.w.org\/{rel}","templated":true}]}}