{"id":8609,"date":"2014-09-27T23:15:04","date_gmt":"2014-09-28T04:15:04","guid":{"rendered":"http:\/\/www.plurinominal.com.mx\/?p=8609"},"modified":"2014-09-28T23:15:24","modified_gmt":"2014-09-29T04:15:24","slug":"oscuridad-en-cabecera-municipal-de-guadalcazar","status":"publish","type":"post","link":"https:\/\/www.plurinominal.com.mx\/?p=8609","title":{"rendered":"Oscuridad en cabecera municipal de Guadalc\u00e1zar"},"content":{"rendered":"<ul>\n<li>La mayor\u00eda de l\u00e1mparas no funcionan<\/li>\n<\/ul>\n<p><em>Beto Guerrero.-<\/em> M\u00e1s inversi\u00f3n en la cabecera municipal pide la gente de Guadalc\u00e1zar.<br \/>\nAl saber que muchos recursos se est\u00e1n aplicando en comunidades, al menos esperan que Benancio Hern\u00e1ndez Moreno ordene a quien corresponda se enfoque en alumbrar adecuadamente la ciudad.<br \/>\nMujer que evit\u00f3 dar su nombre para no ser presa de reclamos, expuso que cada vez se le dificulta salir de noche, pues la mayor\u00eda de calles destacan por no tener l\u00e1mparas encendidas.<br \/>\nDijo que esta situaci\u00f3n se aprecia desde el bulevar de entrada, donde solo est\u00e1n funcionando dos luces, una al principio y otra al final del mismo.<br \/>\n\u201cLos invito a venir de noche para que ustedes mismo vean cu\u00e1ntas l\u00e1mparas sirven\u201d, dijo la se\u00f1ora a nuestro equipo reporteril.<\/p>\n","protected":false},"excerpt":{"rendered":"<p>La mayor\u00eda de l\u00e1mparas no funcionan Beto Guerrero.- M\u00e1s inversi\u00f3n en la cabecera municipal pide la gente de Guadalc\u00e1zar. Al saber que muchos recursos se est\u00e1n aplicando en comunidades, al&#8230;<\/p>\n","protected":false},"author":1,"featured_media":0,"comment_status":"closed","ping_status":"open","sticky":false,"template":"","format":"standard","meta":{"footnotes":""},"categories":[6],"tags":[],"class_list":["post-8609","post","type-post","status-publish","format-standard","hentry","category-guadalcazar","entry","simple"],"_links":{"self":[{"href":"https:\/\/www.plurinominal.com.mx\/index.php?rest_route=\/wp\/v2\/posts\/8609","targetHints":{"allow":["GET"]}}],"collection":[{"href":"https:\/\/www.plurinominal.com.mx\/index.php?rest_route=\/wp\/v2\/posts"}],"about":[{"href":"https:\/\/www.plurinominal.com.mx\/index.php?rest_route=\/wp\/v2\/types\/post"}],"author":[{"embeddable":true,"href":"https:\/\/www.plurinominal.com.mx\/index.php?rest_route=\/wp\/v2\/users\/1"}],"replies":[{"embeddable":true,"href":"https:\/\/www.plurinominal.com.mx\/index.php?rest_route=%2Fwp%2Fv2%2Fcomments&post=8609"}],"version-history":[{"count":0,"href":"https:\/\/www.plurinominal.com.mx\/index.php?rest_route=\/wp\/v2\/posts\/8609\/revisions"}],"wp:attachment":[{"href":"https:\/\/www.plurinominal.com.mx\/index.php?rest_route=%2Fwp%2Fv2%2Fmedia&parent=8609"}],"wp:term":[{"taxonomy":"category","embeddable":true,"href":"https:\/\/www.plurinominal.com.mx\/index.php?rest_route=%2Fwp%2Fv2%2Fcategories&post=8609"},{"taxonomy":"post_tag","embeddable":true,"href":"https:\/\/www.plurinominal.com.mx\/index.php?rest_route=%2Fwp%2Fv2%2Ftags&post=8609"}],"curies":[{"name":"wp","href":"https:\/\/api.w.org\/{rel}","templated":true}]}}