{"id":8655,"date":"2014-10-01T23:49:54","date_gmt":"2014-10-02T04:49:54","guid":{"rendered":"http:\/\/www.plurinominal.com.mx\/?p=8655"},"modified":"2014-10-01T23:49:54","modified_gmt":"2014-10-02T04:49:54","slug":"trabajos-de-ciencia-y-tecnologia-en-secundaria-mjo","status":"publish","type":"post","link":"https:\/\/www.plurinominal.com.mx\/?p=8655","title":{"rendered":"Trabajos de Ciencia y Tecnolog\u00eda en secundaria MJO"},"content":{"rendered":"<ul>\n<li>Alumnos participaron en exposici\u00f3n de trabajos relacionados con generaci\u00f3n de energ\u00eda, invernaderos y celdas solares, entre otros<\/li>\n<\/ul>\n<p><em>Julio C. Dimas.-<\/em> Se expusieron trabajos de Ciencia y Tecnolog\u00eda en la Secundaria Federal Manuel Jos\u00e9 Oth\u00f3n.<br \/>\nA partir de las 9:30 AM del martes 30 de septiembre, asistentes pudieron apreciar lo relacionado con generaci\u00f3n de energ\u00eda, invernaderos en hogares, celdas solares, ecuaciones matem\u00e1ticas y un simulador de astronom\u00eda, entre m\u00e1s temas.<br \/>\nEl Ingeniero Edgar Jim\u00e9nez F\u00e9lix, subdirector de divulgaci\u00f3n del Consejo Potosino de la Ciencia y la Tecnolog\u00eda, prepar\u00f3 la inauguraci\u00f3n e invit\u00f3 a integrar las mesas de trabajo en las que se pudo interactuar.<br \/>\nLa intenci\u00f3n del acto, dijo, es que los alumnos conozcan la manera en la que se conduce el calor y la electricidad, as\u00ed como el mejor modo de cosechar utilizando los recursos naturales, para crear un espacio en el que se fomente el inter\u00e9s por las disciplinas cient\u00edficas y tecnol\u00f3gicas entre el p\u00fablico infantil y juvenil, adem\u00e1s de divulgar el desarrollo y la investigaci\u00f3n cient\u00edfica, tecnol\u00f3gica y de innovaci\u00f3n.<br \/>\nEdgar Jim\u00e9nez F\u00e9lix tiene por tarea asesorar a los gobiernos Estatal y Municipal en materia cient\u00edfica, tecnol\u00f3gica y de innovaci\u00f3n. La exposici\u00f3n se ha llevado a cabo en distintas escuelas de San Luis Potos\u00ed.<br \/>\nEn total se impartieron 6 talleres en la secundaria Manuel Jos\u00e9 Oth\u00f3n, lo que la coloca en la primera en cuanto al n\u00famero de actividades se refiere.<br \/>\nPosteriormente la muestra ser\u00eda trasladada a Villa Ju\u00e1rez este mi\u00e9rcoles y despu\u00e9s a institutos de La Huasteca potosina.<\/p>\n","protected":false},"excerpt":{"rendered":"<p>Alumnos participaron en exposici\u00f3n de trabajos relacionados con generaci\u00f3n de energ\u00eda, invernaderos y celdas solares, entre otros Julio C. Dimas.- Se expusieron trabajos de Ciencia y Tecnolog\u00eda en la Secundaria&#8230;<\/p>\n","protected":false},"author":1,"featured_media":8647,"comment_status":"closed","ping_status":"open","sticky":false,"template":"","format":"standard","meta":{"footnotes":""},"categories":[3,486],"tags":[],"class_list":["post-8655","post","type-post","status-publish","format-standard","has-post-thumbnail","hentry","category-cerritos","category-educacion","entry","simple"],"_links":{"self":[{"href":"https:\/\/www.plurinominal.com.mx\/index.php?rest_route=\/wp\/v2\/posts\/8655","targetHints":{"allow":["GET"]}}],"collection":[{"href":"https:\/\/www.plurinominal.com.mx\/index.php?rest_route=\/wp\/v2\/posts"}],"about":[{"href":"https:\/\/www.plurinominal.com.mx\/index.php?rest_route=\/wp\/v2\/types\/post"}],"author":[{"embeddable":true,"href":"https:\/\/www.plurinominal.com.mx\/index.php?rest_route=\/wp\/v2\/users\/1"}],"replies":[{"embeddable":true,"href":"https:\/\/www.plurinominal.com.mx\/index.php?rest_route=%2Fwp%2Fv2%2Fcomments&post=8655"}],"version-history":[{"count":0,"href":"https:\/\/www.plurinominal.com.mx\/index.php?rest_route=\/wp\/v2\/posts\/8655\/revisions"}],"wp:featuredmedia":[{"embeddable":true,"href":"https:\/\/www.plurinominal.com.mx\/index.php?rest_route=\/wp\/v2\/media\/8647"}],"wp:attachment":[{"href":"https:\/\/www.plurinominal.com.mx\/index.php?rest_route=%2Fwp%2Fv2%2Fmedia&parent=8655"}],"wp:term":[{"taxonomy":"category","embeddable":true,"href":"https:\/\/www.plurinominal.com.mx\/index.php?rest_route=%2Fwp%2Fv2%2Fcategories&post=8655"},{"taxonomy":"post_tag","embeddable":true,"href":"https:\/\/www.plurinominal.com.mx\/index.php?rest_route=%2Fwp%2Fv2%2Ftags&post=8655"}],"curies":[{"name":"wp","href":"https:\/\/api.w.org\/{rel}","templated":true}]}}