{"id":8678,"date":"2014-09-17T00:22:05","date_gmt":"2014-09-17T05:22:05","guid":{"rendered":"http:\/\/www.plurinominal.com.mx\/?p=8678"},"modified":"2014-10-02T00:22:35","modified_gmt":"2014-10-02T05:22:35","slug":"lentitud-en-agencia-del-ministerio-publico","status":"publish","type":"post","link":"https:\/\/www.plurinominal.com.mx\/?p=8678","title":{"rendered":"Lentitud en Agencia del Ministerio P\u00fablico"},"content":{"rendered":"<ul>\n<li>Ciudadanos piden MP adscrito al Juzgado<\/li>\n<\/ul>\n<p><em>Francisco Valero de la Cruz.-<\/em> Diferentes ciudadanos manifestaron su inconformidad por la lentitud con que se atienden los asuntos en la Agencia del Ministerio P\u00fablico, pues el titular debe atender audiencias en el Juzgado Mixto de primera Instancia.<br \/>\nLa situaci\u00f3n desalienta a las v\u00edctimas de alg\u00fan delito para interponer denuncia en esa instancia judicial.<br \/>\nDenunciante de una comunidad, se\u00f1al\u00f3 que ha viajado a esta cabecera durante varias semanas.<br \/>\nEl asunto no avanza, ya que en oficinas del Representante Social le dicen que este \u201cse encuentra en el juzgado\u201d.<br \/>\nOtros llegan temprano con el fin de que los atiendan.<br \/>\nEl Agente se desplaza hacia el juzgado, esperan que no tarde, pero pasan las horas y el Licenciado no regresa, entonces se les dice \u201cque vuelvan al d\u00eda siguiente\u201d.<br \/>\nOficinistas les manifiestan que como no hay un Ministerio P\u00fablico Adscrito, entonces el titular debe encargarse de los asuntos en el juzgado.<br \/>\nPor motivos como el presente, a muchos les parece \u00abpura p\u00e9rdida de tiempo\u00bb el interponer denuncias.<br \/>\nLa situaci\u00f3n no es nueva. Comenz\u00f3 a prevalecer desde que el Licenciado Antonio Rodr\u00edguez sufri\u00f3 un accidente el jueves 26 de diciembre de 2013, en la carretera federal 70.<br \/>\nLo cubri\u00f3 la licenciada Leticia V\u00e1zquez Hern\u00e1ndez, quien al mismo tiempo atend\u00eda los municipios de Villa Ju\u00e1rez y San Nicol\u00e1s Tolentino.<br \/>\nAfectados esperan la llegada de otro Ministerio P\u00fablico que se haga cargo de los asuntos en el Juzgado Mixto de Primera Instancia, como alguna vez lleg\u00f3 a suceder.<\/p>\n","protected":false},"excerpt":{"rendered":"<p>Ciudadanos piden MP adscrito al Juzgado Francisco Valero de la Cruz.- Diferentes ciudadanos manifestaron su inconformidad por la lentitud con que se atienden los asuntos en la Agencia del Ministerio&#8230;<\/p>\n","protected":false},"author":1,"featured_media":0,"comment_status":"closed","ping_status":"open","sticky":false,"template":"","format":"standard","meta":{"footnotes":""},"categories":[3,465],"tags":[],"class_list":["post-8678","post","type-post","status-publish","format-standard","hentry","category-cerritos","category-policia-2","entry","simple"],"_links":{"self":[{"href":"https:\/\/www.plurinominal.com.mx\/index.php?rest_route=\/wp\/v2\/posts\/8678","targetHints":{"allow":["GET"]}}],"collection":[{"href":"https:\/\/www.plurinominal.com.mx\/index.php?rest_route=\/wp\/v2\/posts"}],"about":[{"href":"https:\/\/www.plurinominal.com.mx\/index.php?rest_route=\/wp\/v2\/types\/post"}],"author":[{"embeddable":true,"href":"https:\/\/www.plurinominal.com.mx\/index.php?rest_route=\/wp\/v2\/users\/1"}],"replies":[{"embeddable":true,"href":"https:\/\/www.plurinominal.com.mx\/index.php?rest_route=%2Fwp%2Fv2%2Fcomments&post=8678"}],"version-history":[{"count":0,"href":"https:\/\/www.plurinominal.com.mx\/index.php?rest_route=\/wp\/v2\/posts\/8678\/revisions"}],"wp:attachment":[{"href":"https:\/\/www.plurinominal.com.mx\/index.php?rest_route=%2Fwp%2Fv2%2Fmedia&parent=8678"}],"wp:term":[{"taxonomy":"category","embeddable":true,"href":"https:\/\/www.plurinominal.com.mx\/index.php?rest_route=%2Fwp%2Fv2%2Fcategories&post=8678"},{"taxonomy":"post_tag","embeddable":true,"href":"https:\/\/www.plurinominal.com.mx\/index.php?rest_route=%2Fwp%2Fv2%2Ftags&post=8678"}],"curies":[{"name":"wp","href":"https:\/\/api.w.org\/{rel}","templated":true}]}}