{"id":87,"date":"2011-10-15T00:46:49","date_gmt":"2011-10-15T00:46:49","guid":{"rendered":"http:\/\/www.plurinominal.com.mx\/?p=87"},"modified":"2011-11-05T00:47:21","modified_gmt":"2011-11-05T00:47:21","slug":"detenidos-por-el-ejercito-fueron-internados-en-el-ceredi","status":"publish","type":"post","link":"https:\/\/www.plurinominal.com.mx\/?p=87","title":{"rendered":"Detenidos por el ej\u00e9rcito fueron internados en el CEREDI"},"content":{"rendered":"<p>Del equipo de redacci\u00f3n<br \/>\nPersonas que fueron detenidas el lunes 10 de octubre, durante operativos realizados en nuestro municipio por integrantes de la milicia, fueron internadas en el CEREDI antes de ser puestas a disposici\u00f3n del juzgado mixto de primera instancia.<br \/>\nSe ignora a detalle cuales son los cargos del orden com\u00fan por los que se les procesa, debido a que no se ha emitido un comunicado oficial sobre los asuntos.<br \/>\nLa SEDENA s\u00f3lo comunic\u00f3 sobre la detenci\u00f3n de cuatro personas. Mencionaron al municipio de Villa Ju\u00e1rez y Cerritos, como los lugares donde se captur\u00f3 a Jos\u00e9 Guadalupe Castillo Tovar, Enrique Reyes Reta, Miguel \u00c1ngel Chavira Ruiz y Erick Macario Ba\u00f1uelos Zapata.<br \/>\nFue hasta el mi\u00e9rcoles por la ma\u00f1ana que se dio a conocer en forma oficial la captura por parte de la SEDENA. La noticia sali\u00f3 publicada en distintos medios de circulaci\u00f3n estatal.<br \/>\nPosteriormente los detenidos que fueron internados en el CEREDI, el jueves fueron trasladados al juzgado para que declararan por las acusaciones. Se tiene entendido que cada uno de los aprehendidos ha negado todos los cargos.<br \/>\nLos sujetos deber\u00e1n esperar a que se decida su situaci\u00f3n jur\u00eddica.<\/p>\n","protected":false},"excerpt":{"rendered":"<p>Del equipo de redacci\u00f3n Personas que fueron detenidas el lunes 10 de octubre, durante operativos realizados en nuestro municipio por integrantes de la milicia, fueron internadas en el CEREDI antes&#8230;<\/p>\n","protected":false},"author":1,"featured_media":0,"comment_status":"closed","ping_status":"open","sticky":false,"template":"","format":"standard","meta":{"footnotes":""},"categories":[3,4],"tags":[32,31],"class_list":["post-87","post","type-post","status-publish","format-standard","hentry","category-cerritos","category-villa-juarez","tag-detenidos","tag-ejercito","entry","simple"],"_links":{"self":[{"href":"https:\/\/www.plurinominal.com.mx\/index.php?rest_route=\/wp\/v2\/posts\/87","targetHints":{"allow":["GET"]}}],"collection":[{"href":"https:\/\/www.plurinominal.com.mx\/index.php?rest_route=\/wp\/v2\/posts"}],"about":[{"href":"https:\/\/www.plurinominal.com.mx\/index.php?rest_route=\/wp\/v2\/types\/post"}],"author":[{"embeddable":true,"href":"https:\/\/www.plurinominal.com.mx\/index.php?rest_route=\/wp\/v2\/users\/1"}],"replies":[{"embeddable":true,"href":"https:\/\/www.plurinominal.com.mx\/index.php?rest_route=%2Fwp%2Fv2%2Fcomments&post=87"}],"version-history":[{"count":0,"href":"https:\/\/www.plurinominal.com.mx\/index.php?rest_route=\/wp\/v2\/posts\/87\/revisions"}],"wp:attachment":[{"href":"https:\/\/www.plurinominal.com.mx\/index.php?rest_route=%2Fwp%2Fv2%2Fmedia&parent=87"}],"wp:term":[{"taxonomy":"category","embeddable":true,"href":"https:\/\/www.plurinominal.com.mx\/index.php?rest_route=%2Fwp%2Fv2%2Fcategories&post=87"},{"taxonomy":"post_tag","embeddable":true,"href":"https:\/\/www.plurinominal.com.mx\/index.php?rest_route=%2Fwp%2Fv2%2Ftags&post=87"}],"curies":[{"name":"wp","href":"https:\/\/api.w.org\/{rel}","templated":true}]}}