{"id":8762,"date":"2014-12-04T10:35:16","date_gmt":"2014-12-04T16:35:16","guid":{"rendered":"http:\/\/www.plurinominal.com.mx\/?p=8762"},"modified":"2014-12-04T10:38:02","modified_gmt":"2014-12-04T16:38:02","slug":"cerriles-730","status":"publish","type":"post","link":"https:\/\/www.plurinominal.com.mx\/?p=8762","title":{"rendered":"CERRILES 730"},"content":{"rendered":"<figure id=\"attachment_8765\" aria-describedby=\"caption-attachment-8765\" style=\"width: 335px\" class=\"wp-caption alignright\"><a href=\"https:\/\/www.plurinominal.com.mx\/wp-content\/uploads\/antorcha-2.jpg\"><img loading=\"lazy\" decoding=\"async\" class=\"size-full wp-image-8765 \" alt=\"antorcha 2\" src=\"https:\/\/www.plurinominal.com.mx\/wp-content\/uploads\/antorcha-2.jpg\" width=\"335\" height=\"251\" srcset=\"https:\/\/www.plurinominal.com.mx\/wp-content\/uploads\/antorcha-2.jpg 335w, https:\/\/www.plurinominal.com.mx\/wp-content\/uploads\/antorcha-2-300x224.jpg 300w\" sizes=\"auto, (max-width: 335px) 100vw, 335px\" \/><\/a><figcaption id=\"caption-attachment-8765\" class=\"wp-caption-text\">Este mismo carro se observ\u00f3 en Guadalc\u00e1zar el lunes 1 de diciembre.<\/figcaption><\/figure>\n<figure id=\"attachment_8766\" aria-describedby=\"caption-attachment-8766\" style=\"width: 335px\" class=\"wp-caption alignright\"><a href=\"https:\/\/www.plurinominal.com.mx\/wp-content\/uploads\/antorcha-5.jpg\"><img loading=\"lazy\" decoding=\"async\" class=\"size-full wp-image-8766 \" alt=\"antorcha 5\" src=\"https:\/\/www.plurinominal.com.mx\/wp-content\/uploads\/antorcha-5.jpg\" width=\"335\" height=\"251\" srcset=\"https:\/\/www.plurinominal.com.mx\/wp-content\/uploads\/antorcha-5.jpg 335w, https:\/\/www.plurinominal.com.mx\/wp-content\/uploads\/antorcha-5-300x224.jpg 300w\" sizes=\"auto, (max-width: 335px) 100vw, 335px\" \/><\/a><figcaption id=\"caption-attachment-8766\" class=\"wp-caption-text\">\u00bfGente de Cerritos o acarreados?<\/figcaption><\/figure>\n<figure id=\"attachment_8767\" aria-describedby=\"caption-attachment-8767\" style=\"width: 335px\" class=\"wp-caption alignright\"><a href=\"https:\/\/www.plurinominal.com.mx\/wp-content\/uploads\/antorcha-15.jpg\"><img loading=\"lazy\" decoding=\"async\" class=\"size-full wp-image-8767 \" alt=\"antorcha 15\" src=\"https:\/\/www.plurinominal.com.mx\/wp-content\/uploads\/antorcha-15.jpg\" width=\"335\" height=\"251\" srcset=\"https:\/\/www.plurinominal.com.mx\/wp-content\/uploads\/antorcha-15.jpg 335w, https:\/\/www.plurinominal.com.mx\/wp-content\/uploads\/antorcha-15-300x224.jpg 300w\" sizes=\"auto, (max-width: 335px) 100vw, 335px\" \/><\/a><figcaption id=\"caption-attachment-8767\" class=\"wp-caption-text\">Al fondo, \u00bfNi\u00f1os antorchistas?<\/figcaption><\/figure>\n<p>La movilizaci\u00f3n antorchista que comenz\u00f3 el jueves frente al \u201cSal\u00f3n Las Pe\u00f1as\u201d, arroja inc\u00f3gnitas e incongruencias que habr\u00e1n de disiparse durante el pr\u00f3ximo llamado.<\/p>\n<p>El grupo que utiliza como estandarte a la \u201cpobreza\u201d, luci\u00f3 al frente de la marcha un autom\u00f3vil de modelo reciente, y destacaban caras de l\u00edderes, ajenos a este lugar a los que se ve constantemente trabajando igual, en Guadalc\u00e1zar y m\u00e1s lugares cercanos.<\/p>\n<p>Por eso, crece la duda de qui\u00e9n estar\u00e1 financiando al movimiento que recientemente hizo su aparici\u00f3n por estas tierras.<br \/>\nEntre c\u00edrculos pol\u00edticos de la nacionalidad, se comenta que antorcha cuenta con una bolsa de dinero que el PRI le aparta del presupuesto de egresos federal, con tal de evitar las protestas.<\/p>\n<p>En Villa Hidalgo \u2013donde los antorchistas ya se apoderaron del ayuntamiento\u2013 la gente recuerda cuando har\u00e1n algunos 25 a\u00f1os, integrantes del grupo comenzaron inform\u00e1ndose, entre gente de comunidades marginadas sobre sus principales carencias.<\/p>\n<p>A trav\u00e9s de los sondeos, pudieron conocer los descuidos de las administraciones, para prometer lo mejor a pobladores, a los que comenzaron abasteciendo con apoyos logrados ante el gobierno de otros lugares, estados o municipios, en favor del conjunto.<\/p>\n<p>En aquellos tiempos, se recuerda como l\u00edder al \u201cDoctor Campillo\u201d, de Santa Mar\u00eda del R\u00edo, trabajando para \u201cantorcha\u201d en la comunidad de Corcovada.<br \/>\nAll\u00ed el personaje intent\u00f3 hacerse de amistades, en su mayor\u00eda acechados por pobreza extrema para comenzar a ilusionarlos, pero luego el movimiento perdi\u00f3 fuerza, hasta que llegaron para apoderarse de la presidencia con \u201cCarlos Vite y sus fuere\u00f1os\u201d.<br \/>\nDesde entonces han seguido la pr\u00e1ctica, teniendo por consigna extenderla hasta Guadalc\u00e1zar, Cerritos o donde se les permita.<\/p>\n<p>Debe hacerse una investigaci\u00f3n a fondo, para conocer si parte de los recursos de las movilizaciones son patrocinados por la administraci\u00f3n de Vite (dado que es el sitio m\u00e1s cercano donde \u201cLa Antorcha\u201d gobierna) o que muestren p\u00fablicamente qui\u00e9n es tan dadivoso para respaldar una protesta as\u00ed.<\/p>\n<p>No olvidemos que pertenecientes a ese grupo, mucho se enfadaron con los Comisariados de Villa Hidalgo que pudieron cobrar el seguro catastr\u00f3fico y distribuir el apoyo entre agricultores, siendo que la administraci\u00f3n de Vite intentaba distribuir esos millones de pesos entre gente del movimiento que no tiene ni siquiera finta de campesinos.<br \/>\nAl no cumplirse el capricho, los \u201cantorchistas\u201d se manifestaron frente a las oficinas de la SEDARH, pues as\u00ed trabajan ellos y eso lo sabe toda la gente de aquella regi\u00f3n.<\/p>\n<p>En Cerritos y Guadalc\u00e1zar, los l\u00edderes ya contactaron con gente necesitada. Los convencieron de que son una buena opci\u00f3n para lograr implementos, aunque el pertenecer al conjunto no es del todo gratuito.<\/p>\n<p>Posteriormente a la inscripci\u00f3n, deben cubrir cuotas para seguir gozando de privilegios, adem\u00e1s de que gracias a programas de gobierno los dirigentes logran toneladas de materiales gratis que los venden entre la gente a precios \u201cm\u00f3dicos\u201d.<\/p>\n<p>Por ejemplo, en Villa Hidalgo, se recuerda de las toneladas de avena que ven\u00edan sin costo para la gente del municipio (seg\u00fan datos de la SEDARH), pero al final y gracias a la intervenci\u00f3n de los \u201cantorchistas\u201d los bultos se vendieron \u201cbaratos\u201d.<\/p>\n<p>Ahora bien, los antorchistas deben publicar un censo, para ver si en efecto millares de gentes que a su movimiento pertenecen han salido de la \u201cpobreza extrema\u201d o solo lo han hecho sus l\u00edderes, quienes han llegado a Villa Hidalgo en carros cuyo valor se aproxima al medio mill\u00f3n de pesos, y custodiados ampliamente por personal de seguridad.<\/p>\n<p>\u201cCerritos para los cerritenses\u201d. Y es que en a\u00f1os, no se conoce de la aparici\u00f3n de un \u201cMes\u00edas\u201d que pueda terminar con los problemas locales como para que un nuevo grupo, con gente ajena a este lugar, sea la verdadera salvaci\u00f3n.<\/p>\n<p>Adem\u00e1s, seg\u00fan estad\u00edsticas, los municipios \u201cantorchistas\u201d tambi\u00e9n pecan de opacidad.<br \/>\nLuego de ganar, colocan gente for\u00e1nea en cargos de primer nivel, hacen lo \u201cnecesario\u201d con el municipio, o en otras palabras, lo saquean, y despu\u00e9s desaparecen.<\/p>\n<p>Nos leemos despu\u00e9s&#8230;<\/p>\n","protected":false},"excerpt":{"rendered":"<p>La movilizaci\u00f3n antorchista que comenz\u00f3 el jueves frente al \u201cSal\u00f3n Las Pe\u00f1as\u201d, arroja inc\u00f3gnitas e incongruencias que habr\u00e1n de disiparse durante el pr\u00f3ximo llamado. El grupo que utiliza como estandarte&#8230;<\/p>\n","protected":false},"author":1,"featured_media":0,"comment_status":"closed","ping_status":"open","sticky":false,"template":"","format":"standard","meta":{"footnotes":""},"categories":[3,6,463],"tags":[],"class_list":["post-8762","post","type-post","status-publish","format-standard","hentry","category-cerritos","category-guadalcazar","category-politica","entry","simple"],"_links":{"self":[{"href":"https:\/\/www.plurinominal.com.mx\/index.php?rest_route=\/wp\/v2\/posts\/8762","targetHints":{"allow":["GET"]}}],"collection":[{"href":"https:\/\/www.plurinominal.com.mx\/index.php?rest_route=\/wp\/v2\/posts"}],"about":[{"href":"https:\/\/www.plurinominal.com.mx\/index.php?rest_route=\/wp\/v2\/types\/post"}],"author":[{"embeddable":true,"href":"https:\/\/www.plurinominal.com.mx\/index.php?rest_route=\/wp\/v2\/users\/1"}],"replies":[{"embeddable":true,"href":"https:\/\/www.plurinominal.com.mx\/index.php?rest_route=%2Fwp%2Fv2%2Fcomments&post=8762"}],"version-history":[{"count":0,"href":"https:\/\/www.plurinominal.com.mx\/index.php?rest_route=\/wp\/v2\/posts\/8762\/revisions"}],"wp:attachment":[{"href":"https:\/\/www.plurinominal.com.mx\/index.php?rest_route=%2Fwp%2Fv2%2Fmedia&parent=8762"}],"wp:term":[{"taxonomy":"category","embeddable":true,"href":"https:\/\/www.plurinominal.com.mx\/index.php?rest_route=%2Fwp%2Fv2%2Fcategories&post=8762"},{"taxonomy":"post_tag","embeddable":true,"href":"https:\/\/www.plurinominal.com.mx\/index.php?rest_route=%2Fwp%2Fv2%2Ftags&post=8762"}],"curies":[{"name":"wp","href":"https:\/\/api.w.org\/{rel}","templated":true}]}}