{"id":877,"date":"2011-11-26T12:38:21","date_gmt":"2011-11-26T18:38:21","guid":{"rendered":"http:\/\/www.plurinominal.com.mx\/?p=877"},"modified":"2011-12-09T12:38:57","modified_gmt":"2011-12-09T18:38:57","slug":"existe-inconformidad-por-parte-de-quienes-apoyaron-a-la-presidenta-de-accion-nacional-en-el-municipio","status":"publish","type":"post","link":"https:\/\/www.plurinominal.com.mx\/?p=877","title":{"rendered":"Existe inconformidad por parte de quienes apoyaron a la Presidenta de Acci\u00f3n Nacional en el municipio"},"content":{"rendered":"<p>Ma. del Carmen V.<br \/>\nPanistas que solicitaron el anonimato, manifestaron que apoyaron a Silvia Rodr\u00edguez para que ganara la Presidencia de Acci\u00f3n Nacional pero ahora se dicen inconformes.<br \/>\nExplicaron a Plurinominal, que en su momento fueron invitados por el padre de \u00e9sta para otorgarle el apoyo.<br \/>\nAhora \u00e9l est\u00e1 en contra de la misma gente, \u00abpero as\u00ed es la pol\u00edtica\u00bb, se\u00f1alaron.<br \/>\nHoy que la dirigente se muestra parcial hacia uno de los bandos, recuerdan cuando pidieron ayuda a los miembros activos de Acci\u00f3n Nacional.<br \/>\nAseguraron que no existe problema en que el padre de Silvia Rodr\u00edguez manifieste preferencia por el Notario.<br \/>\nSin embargo ocurre lo contrario con la Presidenta del Comit\u00e9 Directivo Municipal.<br \/>\nDebido al cargo que ostenta deber\u00eda de ser imparcial, y aunque diga que as\u00ed lo es, sus acciones demuestran lo contrario.<br \/>\nExpresaron, que Rodr\u00edguez hizo a un lado a los integrantes que conform\u00f3 el d\u00eda de la elecci\u00f3n.<br \/>\nEn ese entonces el representante estatal pregunt\u00f3 qui\u00e9nes integrar\u00edan su Comit\u00e9.<br \/>\nAll\u00ed nombr\u00f3 a una serie de personas como elementos del CDM del PAN, pero  desde la fecha jam\u00e1s las ha llamado a una reuni\u00f3n.<br \/>\nAhora, com\u00fanmente se le ve acompa\u00f1ada de Arturo S\u00e1nchez y de Migdalia Mart\u00ednez, quienes no forman parte del Comit\u00e9 conformado el d\u00eda que result\u00f3 electa.<br \/>\nAfirmaron que el pasado jueves, hubo una reuni\u00f3n convocada por el Comit\u00e9 Estatal del Partido Acci\u00f3n Nacional.<br \/>\nSe llev\u00f3 a cabo en las instalaciones del PAN. La Presidenta del CDM lleg\u00f3 acompa\u00f1ada de Migdalia. Reafirmaron que \u00e9sta no pertenece al Comit\u00e9.<br \/>\nLa principal inconformidad de los panistas es porque se sienten traicionados.<br \/>\n\u201cLa Presidenta de Acci\u00f3n Nacional cuando andaba en campa\u00f1a nos llamaba para todo. En cambio ahora solamente se rodea de unos cuantos\u201d, reafirmaron.<\/p>\n","protected":false},"excerpt":{"rendered":"<p>Ma. del Carmen V. Panistas que solicitaron el anonimato, manifestaron que apoyaron a Silvia Rodr\u00edguez para que ganara la Presidencia de Acci\u00f3n Nacional pero ahora se dicen inconformes. Explicaron a&#8230;<\/p>\n","protected":false},"author":1,"featured_media":0,"comment_status":"closed","ping_status":"open","sticky":false,"template":"","format":"standard","meta":{"footnotes":""},"categories":[3],"tags":[58,80],"class_list":["post-877","post","type-post","status-publish","format-standard","hentry","category-cerritos","tag-pan","tag-silvia-rodriguez","entry","simple"],"_links":{"self":[{"href":"https:\/\/www.plurinominal.com.mx\/index.php?rest_route=\/wp\/v2\/posts\/877","targetHints":{"allow":["GET"]}}],"collection":[{"href":"https:\/\/www.plurinominal.com.mx\/index.php?rest_route=\/wp\/v2\/posts"}],"about":[{"href":"https:\/\/www.plurinominal.com.mx\/index.php?rest_route=\/wp\/v2\/types\/post"}],"author":[{"embeddable":true,"href":"https:\/\/www.plurinominal.com.mx\/index.php?rest_route=\/wp\/v2\/users\/1"}],"replies":[{"embeddable":true,"href":"https:\/\/www.plurinominal.com.mx\/index.php?rest_route=%2Fwp%2Fv2%2Fcomments&post=877"}],"version-history":[{"count":0,"href":"https:\/\/www.plurinominal.com.mx\/index.php?rest_route=\/wp\/v2\/posts\/877\/revisions"}],"wp:attachment":[{"href":"https:\/\/www.plurinominal.com.mx\/index.php?rest_route=%2Fwp%2Fv2%2Fmedia&parent=877"}],"wp:term":[{"taxonomy":"category","embeddable":true,"href":"https:\/\/www.plurinominal.com.mx\/index.php?rest_route=%2Fwp%2Fv2%2Fcategories&post=877"},{"taxonomy":"post_tag","embeddable":true,"href":"https:\/\/www.plurinominal.com.mx\/index.php?rest_route=%2Fwp%2Fv2%2Ftags&post=877"}],"curies":[{"name":"wp","href":"https:\/\/api.w.org\/{rel}","templated":true}]}}