{"id":8826,"date":"2015-01-23T17:06:53","date_gmt":"2015-01-23T23:06:53","guid":{"rendered":"http:\/\/www.plurinominal.com.mx\/?p=8826"},"modified":"2015-01-29T17:10:41","modified_gmt":"2015-01-29T23:10:41","slug":"averiguacion-por-abuso-policiaco-no-avanza","status":"publish","type":"post","link":"https:\/\/www.plurinominal.com.mx\/?p=8826","title":{"rendered":"Averiguaci\u00f3n por abuso policiaco no avanza"},"content":{"rendered":"<ul>\n<li>\u201cTodo comenz\u00f3 bien, pero de repente se estanc\u00f3\u201d: Afectado<\/li>\n<\/ul>\n<p><em>Marco Serna.-<\/em> Una averiguaci\u00f3n que se sigue contra elementos de seguridad que abusaron de sus funciones contra muchacho de 19 a\u00f1os, no muestra avances en la agencia del ministerio p\u00fablico de Guadalc\u00e1zar.<br \/>\n\u201cLuis Alberto\u201d, que en la actualidad cursa la carrerea de Ingeniero Metalurgista y de Materiales en la Universidad Aut\u00f3noma de San Luis Potos\u00ed, ignora qu\u00e9 ocurre para que el caso contin\u00fae, siendo que es el ofendido en la averiguaci\u00f3n.<br \/>\nRecord\u00f3 que \u201ctodo comenz\u00f3 bien, pero de repente se estanc\u00f3\u201d.<br \/>\nSobre los hechos dijo que sucedieron durante el Grito de Independencia del a\u00f1o pasado.<br \/>\nHab\u00eda baile y se hab\u00eda echado unas cervezas y otra persona le busc\u00f3 pleito.<br \/>\nSe hicieron de palabras pero lo contuvieron, y ya se iba para su casa cuando la polic\u00eda lo detuvo.<br \/>\n\u201cYo nunca les hab\u00eda dicho nada, y me metieron all\u00ed donde est\u00e1n ellos, despu\u00e9s me pasaron para atr\u00e1s, y esposado yo quise ir al ba\u00f1o y pensaron que me quer\u00eda escapar\u201d. Explic\u00f3 el chavo que recuerda, ese fue el motivo por el que le dieron \u201ctirones y dem\u00e1s\u201d.<br \/>\nIndica que luego lo metieron a un cuarto, pegado a donde est\u00e1n las m\u00e1quinas, y todav\u00eda esposado le gritaban cosas; luego recuper\u00f3 su libertad, pero acab\u00f3 sin dinero.<br \/>\n\u201cYo nunca hab\u00eda tenido problemas legales, tampoco tengo antecedentes penales\u201d, dijo.<br \/>\nSobre el modo en que aplica la justicia en el pa\u00eds, declar\u00f3: \u201cA mi punto de vista es como que lo que son los poderes no les conviene que la gente les tenga m\u00e1s desconfianza a ellos, entonces no quieren hacer los problemas m\u00e1s grandes entre el poder judicial. Ya no estamos en una era de retr\u00f3gradas, \u00bfPor qu\u00e9 la violencia hacia las personas?, si ellos son los que tienen qu\u00e9 imponer el orden, hay formas de castigar, ellos me pudieron haber detenido, soy mayor de edad, pero no agrediendo, no tienen por qu\u00e9, simplemente va en contra de los derechos humanos. Finaliz\u00f3.<\/p>\n","protected":false},"excerpt":{"rendered":"<p>\u201cTodo comenz\u00f3 bien, pero de repente se estanc\u00f3\u201d: Afectado Marco Serna.- Una averiguaci\u00f3n que se sigue contra elementos de seguridad que abusaron de sus funciones contra muchacho de 19 a\u00f1os,&#8230;<\/p>\n","protected":false},"author":1,"featured_media":0,"comment_status":"closed","ping_status":"open","sticky":false,"template":"","format":"standard","meta":{"footnotes":""},"categories":[6],"tags":[],"class_list":["post-8826","post","type-post","status-publish","format-standard","hentry","category-guadalcazar","entry","simple"],"_links":{"self":[{"href":"https:\/\/www.plurinominal.com.mx\/index.php?rest_route=\/wp\/v2\/posts\/8826","targetHints":{"allow":["GET"]}}],"collection":[{"href":"https:\/\/www.plurinominal.com.mx\/index.php?rest_route=\/wp\/v2\/posts"}],"about":[{"href":"https:\/\/www.plurinominal.com.mx\/index.php?rest_route=\/wp\/v2\/types\/post"}],"author":[{"embeddable":true,"href":"https:\/\/www.plurinominal.com.mx\/index.php?rest_route=\/wp\/v2\/users\/1"}],"replies":[{"embeddable":true,"href":"https:\/\/www.plurinominal.com.mx\/index.php?rest_route=%2Fwp%2Fv2%2Fcomments&post=8826"}],"version-history":[{"count":0,"href":"https:\/\/www.plurinominal.com.mx\/index.php?rest_route=\/wp\/v2\/posts\/8826\/revisions"}],"wp:attachment":[{"href":"https:\/\/www.plurinominal.com.mx\/index.php?rest_route=%2Fwp%2Fv2%2Fmedia&parent=8826"}],"wp:term":[{"taxonomy":"category","embeddable":true,"href":"https:\/\/www.plurinominal.com.mx\/index.php?rest_route=%2Fwp%2Fv2%2Fcategories&post=8826"},{"taxonomy":"post_tag","embeddable":true,"href":"https:\/\/www.plurinominal.com.mx\/index.php?rest_route=%2Fwp%2Fv2%2Ftags&post=8826"}],"curies":[{"name":"wp","href":"https:\/\/api.w.org\/{rel}","templated":true}]}}