{"id":8835,"date":"2015-01-27T21:40:43","date_gmt":"2015-01-28T03:40:43","guid":{"rendered":"http:\/\/www.plurinominal.com.mx\/?p=8835"},"modified":"2015-02-01T21:41:37","modified_gmt":"2015-02-02T03:41:37","slug":"le-debo-mucho-a-mi-gente-pepe-martinez","status":"publish","type":"post","link":"https:\/\/www.plurinominal.com.mx\/?p=8835","title":{"rendered":"Le debo mucho a mi gente: Pepe Mart\u00ednez"},"content":{"rendered":"<ul>\n<li>Busca de nuevo la Presidencia Municipal<\/li>\n<\/ul>\n<p><em>Marco Serna.-<\/em> \u201cEn su momento ser\u00e1 el pueblo quien defina al candidato del PRI, hay poco tiempo para la campa\u00f1a interna, pero soy pri\u00edsta de coraz\u00f3n y le debo mucho a mi gente, y en caso de que el 15 de febrero, que sea la elecci\u00f3n y que tengamos el candidato, si a Pepe Mart\u00ednez el resultado no le favorece, estaremos sum\u00e1ndonos al ganador de nuestro partido, porque eso es lo que necesita Guadalc\u00e1zar\u201d, dijo Jos\u00e9 Luis Mart\u00ednez Mel\u00e9ndez a breves instantes de haber presentado solicitud de registro como precandidato al cargo de presidente municipal.<br \/>\nEste lunes 26 de enero, la cabecera luci\u00f3 abarrotada de ciudadanos, porque dos grupos apoyaban al de su preferencia, hablamos de Pepe Mart\u00ednez y Rolando Ortiz Hern\u00e1ndez.<br \/>\nEn conversaci\u00f3n period\u00edstica, el ex presidente y ex diputado local por el segundo distrito, reconoci\u00f3 que otras dos personas buscan el mismo fin, \u201cpero ahora inicia lo bueno, yo creo que no debe haber impedimento en cuanto a mis requisitos\u201d, se\u00f1al\u00f3 al enfatizar el apoyo de sectores y organizaciones del PRI.<br \/>\n\u201cEste es el primer paso, lo que sigue es la indicaci\u00f3n a mi gente de que me d\u00e9 su apoyo, porque les debo mucho, as\u00ed como a mi partido, entonces de aqu\u00ed es ganar la candidatura y posteriormente la Constitucional\u201d, expres\u00f3.<br \/>\nMart\u00ednez Mel\u00e9ndez dijo que su intenci\u00f3n se basa en la propuesta que le hizo la poblaci\u00f3n, \u201cfueron los mismos l\u00edderes los que me dijeron, tal vez en su momento cuando estuvimos sirvi\u00e9ndoles como Presidente Municipal hicimos las cosas bien, a lo mejor le qued\u00f3 un buen sabor de boca a mi gente, a mi pueblo, entonces me sugirieron que buscara la presidencia, dado que se ha venido trabajando de una manera no muy buena seg\u00fan la manifestaci\u00f3n de la gente de Guadalc\u00e1zar, y ellos tienen la esperanza de que las cosas se recompongan un poquito con nosotros. Yo no juzgo a ninguno de los presidentes, sabemos que Guadalc\u00e1zar es muy grande, donde nuestra gente al no haber fuentes de empleo lo que busca es el acercamiento en la presidencia para poder solicitar apoyos de todo tipo, y es all\u00ed donde el presidente municipal debe tener una visi\u00f3n clara, paciencia con nuestra gente y saber escuchar las quejas y problemas de ellos para que de alguna u otra manera sigamos dentro del partido y conservando el poder\u201d.<br \/>\nJos\u00e9 Luis Mart\u00ednez, se sinti\u00f3 orgulloso de que Guadalc\u00e1zar, sea de los pocos municipios en M\u00e9xico, y en San Luis Potos\u00ed donde no ha habido alternancia en 85 a\u00f1os, pues siempre ha sido pri\u00edsta.<br \/>\n\u201cLo digo con mucho orgullo\u201d, pronunci\u00f3 el pol\u00edtico antes de atender a los invitados a un banquete.<\/p>\n","protected":false},"excerpt":{"rendered":"<p>Busca de nuevo la Presidencia Municipal Marco Serna.- \u201cEn su momento ser\u00e1 el pueblo quien defina al candidato del PRI, hay poco tiempo para la campa\u00f1a interna, pero soy pri\u00edsta&#8230;<\/p>\n","protected":false},"author":1,"featured_media":8832,"comment_status":"closed","ping_status":"open","sticky":false,"template":"","format":"standard","meta":{"footnotes":""},"categories":[6],"tags":[],"class_list":["post-8835","post","type-post","status-publish","format-standard","has-post-thumbnail","hentry","category-guadalcazar","entry","simple"],"_links":{"self":[{"href":"https:\/\/www.plurinominal.com.mx\/index.php?rest_route=\/wp\/v2\/posts\/8835","targetHints":{"allow":["GET"]}}],"collection":[{"href":"https:\/\/www.plurinominal.com.mx\/index.php?rest_route=\/wp\/v2\/posts"}],"about":[{"href":"https:\/\/www.plurinominal.com.mx\/index.php?rest_route=\/wp\/v2\/types\/post"}],"author":[{"embeddable":true,"href":"https:\/\/www.plurinominal.com.mx\/index.php?rest_route=\/wp\/v2\/users\/1"}],"replies":[{"embeddable":true,"href":"https:\/\/www.plurinominal.com.mx\/index.php?rest_route=%2Fwp%2Fv2%2Fcomments&post=8835"}],"version-history":[{"count":0,"href":"https:\/\/www.plurinominal.com.mx\/index.php?rest_route=\/wp\/v2\/posts\/8835\/revisions"}],"wp:featuredmedia":[{"embeddable":true,"href":"https:\/\/www.plurinominal.com.mx\/index.php?rest_route=\/wp\/v2\/media\/8832"}],"wp:attachment":[{"href":"https:\/\/www.plurinominal.com.mx\/index.php?rest_route=%2Fwp%2Fv2%2Fmedia&parent=8835"}],"wp:term":[{"taxonomy":"category","embeddable":true,"href":"https:\/\/www.plurinominal.com.mx\/index.php?rest_route=%2Fwp%2Fv2%2Fcategories&post=8835"},{"taxonomy":"post_tag","embeddable":true,"href":"https:\/\/www.plurinominal.com.mx\/index.php?rest_route=%2Fwp%2Fv2%2Ftags&post=8835"}],"curies":[{"name":"wp","href":"https:\/\/api.w.org\/{rel}","templated":true}]}}