{"id":8837,"date":"2015-01-28T21:41:47","date_gmt":"2015-01-29T03:41:47","guid":{"rendered":"http:\/\/www.plurinominal.com.mx\/?p=8837"},"modified":"2015-02-01T21:42:39","modified_gmt":"2015-02-02T03:42:39","slug":"vamos-a-echarle-ganas-rolando-ortiz","status":"publish","type":"post","link":"https:\/\/www.plurinominal.com.mx\/?p=8837","title":{"rendered":"Vamos a echarle ganas: Rolando Ortiz"},"content":{"rendered":"<ul>\n<li>El Ingeniero lucha por conseguir candidatura del PRI<\/li>\n<\/ul>\n<p><em>Marco Serna.-<\/em> \u201cEs corto el periodo, pero vamos a echarle ganas y a sacar nuestro proyecto adelante, si el resultado nos favorece vamos a invitar a los dem\u00e1s compa\u00f1eros a que se sumen al trabajo de un servidor, y si yo no fuera favorecido estar\u00e9 sum\u00e1ndome tambi\u00e9n\u201d, dijo Rolado Ortiz Hern\u00e1ndez a breves instantes de solicitar su registro como precandidato a la presidencia ante la Comisi\u00f3n Municipal de Procesos Internos del PRI.<br \/>\nQuien se desempe\u00f1\u00f3 en esta administraci\u00f3n como Coordinador de Desarrollo Agropecuario, entrevistado dijo, \u201cyo creo que somos de un solo partido, por lo tanto no podemos orillarnos, buscamos un espacio, yo creo que es justo, nunca hab\u00edamos ocupado este cargo y como cualquier otro ciudadano tenemos el derecho y nos vamos a proponer lograrlo\u201d.<br \/>\nEl Ingeniero, revel\u00f3 que en la contienda otras dos personas buscan convertirse en candidatos a alcalde por el PRI.<br \/>\nRolando Ortiz, era seguido por centenas de vecinos de Guadalc\u00e1zar, y luego de presentar su solicitud se anim\u00f3 a dar una vuelta a la plaza principal mientras su gente emit\u00eda porras de apoyo, luego enfilaron a domicilio donde se ofreci\u00f3 un banquete la tarde del 26 de enero.<br \/>\nEn el PRI, los m\u00e9todos aprobados en el Consejo Pol\u00edtico Estatal para la elecci\u00f3n de los candidatos son por convenci\u00f3n de delegados, elecci\u00f3n directa y por medio de la Comisi\u00f3n para la Postulaci\u00f3n de Candidatos.<br \/>\nEl proceso para seleccionar candidato en Guadalc\u00e1zar, ser\u00e1 por elecci\u00f3n directa en su modalidad de militantes y simpatizantes.<\/p>\n","protected":false},"excerpt":{"rendered":"<p>El Ingeniero lucha por conseguir candidatura del PRI Marco Serna.- \u201cEs corto el periodo, pero vamos a echarle ganas y a sacar nuestro proyecto adelante, si el resultado nos favorece&#8230;<\/p>\n","protected":false},"author":1,"featured_media":8831,"comment_status":"closed","ping_status":"open","sticky":false,"template":"","format":"standard","meta":{"footnotes":""},"categories":[6],"tags":[],"class_list":["post-8837","post","type-post","status-publish","format-standard","has-post-thumbnail","hentry","category-guadalcazar","entry","simple"],"_links":{"self":[{"href":"https:\/\/www.plurinominal.com.mx\/index.php?rest_route=\/wp\/v2\/posts\/8837","targetHints":{"allow":["GET"]}}],"collection":[{"href":"https:\/\/www.plurinominal.com.mx\/index.php?rest_route=\/wp\/v2\/posts"}],"about":[{"href":"https:\/\/www.plurinominal.com.mx\/index.php?rest_route=\/wp\/v2\/types\/post"}],"author":[{"embeddable":true,"href":"https:\/\/www.plurinominal.com.mx\/index.php?rest_route=\/wp\/v2\/users\/1"}],"replies":[{"embeddable":true,"href":"https:\/\/www.plurinominal.com.mx\/index.php?rest_route=%2Fwp%2Fv2%2Fcomments&post=8837"}],"version-history":[{"count":0,"href":"https:\/\/www.plurinominal.com.mx\/index.php?rest_route=\/wp\/v2\/posts\/8837\/revisions"}],"wp:featuredmedia":[{"embeddable":true,"href":"https:\/\/www.plurinominal.com.mx\/index.php?rest_route=\/wp\/v2\/media\/8831"}],"wp:attachment":[{"href":"https:\/\/www.plurinominal.com.mx\/index.php?rest_route=%2Fwp%2Fv2%2Fmedia&parent=8837"}],"wp:term":[{"taxonomy":"category","embeddable":true,"href":"https:\/\/www.plurinominal.com.mx\/index.php?rest_route=%2Fwp%2Fv2%2Fcategories&post=8837"},{"taxonomy":"post_tag","embeddable":true,"href":"https:\/\/www.plurinominal.com.mx\/index.php?rest_route=%2Fwp%2Fv2%2Ftags&post=8837"}],"curies":[{"name":"wp","href":"https:\/\/api.w.org\/{rel}","templated":true}]}}