{"id":885,"date":"2011-11-27T12:43:05","date_gmt":"2011-11-27T18:43:05","guid":{"rendered":"http:\/\/www.plurinominal.com.mx\/?p=885"},"modified":"2011-12-09T12:43:59","modified_gmt":"2011-12-09T18:43:59","slug":"lo-acusaron-de-danar-auto","status":"publish","type":"post","link":"https:\/\/www.plurinominal.com.mx\/?p=885","title":{"rendered":"Lo acusaron de da\u00f1ar auto"},"content":{"rendered":"<p>Del equipo de redacci\u00f3n<br \/>\nAunque el afectado se\u00f1al\u00f3 a un hombre como el responsable de los hechos de tr\u00e1nsito ocurridos sobre la calle Manuel Jos\u00e9 Oth\u00f3n, de entrada \u00e9ste neg\u00f3 todo cargo, por eso el ofendido tuvo que poner en conocimiento de la autoridad los hechos el pasado jueves 24 de noviembre.<br \/>\nRefugio Palomo Tob\u00edas, de 38 a\u00f1os, se hizo presente ante los polic\u00edas para indicarles que aproximadamente a las 19:00 horas, su veh\u00edculo americano marca Honda color caf\u00e9, hab\u00eda sufrido da\u00f1os mientras estaba estacionado.<br \/>\nRefugio Palomo, \u2014quien dijo vivir en el n\u00famero 56 de la misma calle donde ten\u00eda estacionado el coche\u2014, logr\u00f3 ver una camioneta cerca de su carro, tripulada por una persona a quien s\u00f3lo identific\u00f3 como un hombre apellidado \u201cCarre\u00f3n\u201d.<br \/>\nExplic\u00f3 a los uniformados que el presunto culpable, conduc\u00eda un auto  Ranger, color Verde, placas TN 87420.<br \/>\nAsegur\u00f3 que luego de interrogar a su acusado, \u00e9ste acept\u00f3 haberle dado un leve golpe al Honda que porta placas de la UNTRAC, pero evadi\u00f3 toda responsabilidad al manifestar \u201cque no le ocasion\u00f3 da\u00f1o alguno\u201d, por eso el ofendido quiso conseguir un citatorio con la otra parte para lograr un convenio.<br \/>\nEl carro color caf\u00e9, de acuerdo al reporte de la polic\u00eda municipal acab\u00f3 con las micas da\u00f1adas y los polic\u00edas se dirigieron a buscar al culpable. <\/p>\n","protected":false},"excerpt":{"rendered":"<p>Del equipo de redacci\u00f3n Aunque el afectado se\u00f1al\u00f3 a un hombre como el responsable de los hechos de tr\u00e1nsito ocurridos sobre la calle Manuel Jos\u00e9 Oth\u00f3n, de entrada \u00e9ste neg\u00f3&#8230;<\/p>\n","protected":false},"author":1,"featured_media":0,"comment_status":"closed","ping_status":"open","sticky":false,"template":"","format":"standard","meta":{"footnotes":""},"categories":[3],"tags":[433,432],"class_list":["post-885","post","type-post","status-publish","format-standard","hentry","category-cerritos","tag-arreon","tag-refugio-palomo-tobias","entry","simple"],"_links":{"self":[{"href":"https:\/\/www.plurinominal.com.mx\/index.php?rest_route=\/wp\/v2\/posts\/885","targetHints":{"allow":["GET"]}}],"collection":[{"href":"https:\/\/www.plurinominal.com.mx\/index.php?rest_route=\/wp\/v2\/posts"}],"about":[{"href":"https:\/\/www.plurinominal.com.mx\/index.php?rest_route=\/wp\/v2\/types\/post"}],"author":[{"embeddable":true,"href":"https:\/\/www.plurinominal.com.mx\/index.php?rest_route=\/wp\/v2\/users\/1"}],"replies":[{"embeddable":true,"href":"https:\/\/www.plurinominal.com.mx\/index.php?rest_route=%2Fwp%2Fv2%2Fcomments&post=885"}],"version-history":[{"count":0,"href":"https:\/\/www.plurinominal.com.mx\/index.php?rest_route=\/wp\/v2\/posts\/885\/revisions"}],"wp:attachment":[{"href":"https:\/\/www.plurinominal.com.mx\/index.php?rest_route=%2Fwp%2Fv2%2Fmedia&parent=885"}],"wp:term":[{"taxonomy":"category","embeddable":true,"href":"https:\/\/www.plurinominal.com.mx\/index.php?rest_route=%2Fwp%2Fv2%2Fcategories&post=885"},{"taxonomy":"post_tag","embeddable":true,"href":"https:\/\/www.plurinominal.com.mx\/index.php?rest_route=%2Fwp%2Fv2%2Ftags&post=885"}],"curies":[{"name":"wp","href":"https:\/\/api.w.org\/{rel}","templated":true}]}}