{"id":8861,"date":"2015-02-15T22:31:15","date_gmt":"2015-02-16T04:31:15","guid":{"rendered":"http:\/\/www.plurinominal.com.mx\/?p=8861"},"modified":"2015-02-15T22:39:05","modified_gmt":"2015-02-16T04:39:05","slug":"un-conflicto-social-el-caso-del-osmar-suriel-garcia","status":"publish","type":"post","link":"https:\/\/www.plurinominal.com.mx\/?p=8861","title":{"rendered":"Un conflicto social, el caso del Osmar Suriel Garc\u00eda"},"content":{"rendered":"<ul>\n<li>Familiares claman por justicia, temen que homicida logre libertad<\/li>\n<\/ul>\n<p><em>Marco Serna.-<\/em> El asesinato a balazos de Osmar Suriel Garc\u00eda Jaramillo se ha convertido en un problema social.<br \/>\nParientes del que muri\u00f3 violentamente, amenazan con realizar una movilizaci\u00f3n de protesta en los pasillos del edificio de gobierno, pues consideran que una mujer \u201cque actu\u00f3 en complicidad\u201d forma parte del personal de Tesorer\u00eda.<br \/>\nHan reunido m\u00e1s de 100 firmas solicitando al cese de funciones, pero la solicitud no se ha atendido, adem\u00e1s, saben que la defensa de Rafael V\u00e1zquez Garc\u00eda alega que el homicida \u201cactu\u00f3 en defensa propia\u201d y as\u00ed buscan la soltura del cliente.<br \/>\nEs el jueves 12 de febrero de 2015. A la comunidad de Pozas de Santa Ana llegaron veh\u00edculos de seguridad p\u00fablica municipal, custodiados por agentes de la polic\u00eda ministerial del estado.<\/p>\n<figure id=\"attachment_8866\" aria-describedby=\"caption-attachment-8866\" style=\"width: 142px\" class=\"wp-caption alignleft\"><a href=\"https:\/\/www.plurinominal.com.mx\/wp-content\/uploads\/3-Osmar-Guadalcazar-121.jpg\"><img loading=\"lazy\" decoding=\"async\" class=\"size-full wp-image-8866\" alt=\"Le mataron a su hijo.\" src=\"https:\/\/www.plurinominal.com.mx\/wp-content\/uploads\/3-Osmar-Guadalcazar-121.jpg\" width=\"142\" height=\"174\" \/><\/a><figcaption id=\"caption-attachment-8866\" class=\"wp-caption-text\">Le mataron a su hijo.<\/figcaption><\/figure>\n<p>Baja de la unidad Rafael V\u00e1zquez Garc\u00eda, esposado de pies y manos y se dirige al lugar donde se encontr\u00f3 con Osmar Suriel.<br \/>\nAcompa\u00f1ado por personal del Juzgado Mixto de Primera Instancia, del Ministerio P\u00fablico y de su abogado defensor, explica lo que pas\u00f3 la noche del 11 de enero, pues la defensa solicit\u00f3 una reconstrucci\u00f3n de hechos.<br \/>\nA las autoridades las rodean algunas 50 personas. No les importa el fr\u00edo, sino que buscan llamar la atenci\u00f3n porque piden justicia.<br \/>\nLlevan pancartas en sus manos con mensajes de odio dirigidos al malhechor, pues creen que en este pa\u00eds la justicia favorece al delincuente.<br \/>\nTermina una parte de la diligencia y de un negocio ubicado en la calle principal, el sujeto es subido de nuevo a una camioneta.<br \/>\nCon armas largas, agentes de seguridad obstruyen la calle e impiden el paso a personas y veh\u00edculos; temen enfrentamientos o que alguien haga justicia por cuenta propia.<br \/>\nLuego se enfilan a la orilla del poblado para que Rafael explique por qu\u00e9 se llev\u00f3 a Osmar a despoblado, antes de darle muerte con una pistola.<br \/>\nAll\u00ed los familiares del difunto rodean la zona, y narran lo que saben de los hechos a este reportero.<br \/>\nNo conciben por qu\u00e9 el homicida trajo paseando a Osmar en una camioneta roja, con redilas antes de dispararle.<br \/>\nAurora Garc\u00eda, con l\u00e1grimas en los ojos se\u00f1ala que vio crecer a su sobrino, y siempre fue buen muchacho. Era un universitario que se hab\u00eda ganado el cari\u00f1o de su familia, por eso considera injusta su muerte y llama \u00abperro asesino\u00bb a Rafael V\u00e1zquez Garc\u00eda.<br \/>\nAsegura que de la conducta de Osmar, cualquier persona ajena al clan familiar, puede dar buenas referencias.<br \/>\nRecord\u00f3 que Rafael siempre le tuvo envidia a Osmar Suriel. \u00abNunca lo quiso, fueron compa\u00f1eros de escuela\u00bb.<br \/>\nEl detenido andaba ese d\u00eda luciendo un caballo, y se hall\u00f3 con Osmar.<br \/>\nLuego Rafael lo convenci\u00f3 de irse a una orilla y all\u00e1 lo mat\u00f3 a sangre fr\u00eda.<br \/>\n\u00abMijo no se le iba a rajar a golpes, el perro llevaba las de perder por eso lo mat\u00f3 y ahora hasta se atreve a difamarlo con que tra\u00eda una pistola\u00bb.<br \/>\nAl saber de la fragilidad del derecho penal, temen que el delincuente salga pronto de la c\u00e1rcel, adem\u00e1s piensan que la influencia de una hermana que trabaja en la administraci\u00f3n de Benancio Hern\u00e1ndez Moreno puede influir en la soltura.<br \/>\nAurora Garc\u00eda tambi\u00e9n cree que el CEREDI de Guadalc\u00e1zar no tiene las medidas de seguridad suficientes para albergar a matones.<br \/>\n\u00abAh\u00ed deben estar puros rateros, los asesinos deben ser llevados a un lugar de m\u00e1xima seguridad\u00bb.<br \/>\nJos\u00e9 Manuel Escobar Torres, jefe de la polic\u00eda ministerial pide orden, espera que las cosas no se salgan de control porque los \u00e1nimos de la gente se calientan, y la sed de venganza se les ve en el rostro al pasar frente a ellos la figura del que arrebat\u00f3 la vida de su familiar.<br \/>\nEntonces no hacen m\u00e1s que mostrar las pancartas.<\/p>\n<figure id=\"attachment_8865\" aria-describedby=\"caption-attachment-8865\" style=\"width: 142px\" class=\"wp-caption alignleft\"><a href=\"https:\/\/www.plurinominal.com.mx\/wp-content\/uploads\/3-Osmar-Guadalcazar-101.jpg\"><img loading=\"lazy\" decoding=\"async\" class=\"size-full wp-image-8865\" alt=\"El detenido.\" src=\"https:\/\/www.plurinominal.com.mx\/wp-content\/uploads\/3-Osmar-Guadalcazar-101.jpg\" width=\"142\" height=\"146\" \/><\/a><figcaption id=\"caption-attachment-8865\" class=\"wp-caption-text\">El detenido.<\/figcaption><\/figure>\n<p>Entre las manifestantes se nota la madre de Osmar Suriel.<br \/>\nRosa Nelly Jaramillo Garc\u00eda tiene 41 a\u00f1os. Se muestra en silencio y alza un letrero que dice \u201cAsesino, te lo tragaste y ahora lo difamas\u201d, pero se nota un nudo en su garganta. Su hijo ya no vive en este mundo.<br \/>\nOtras familiares j\u00f3venes muestran un p\u00f3ster con la foto del difunto que contiene la fecha de nacimiento, el 4 de octubre de 1994. Ten\u00eda la vida frente a \u00e9l pero a los 20 a\u00f1os lo mataron.<br \/>\nEl grupo se conforma con exhibir los letreros y amenaza con ir a la presidencia a sacar \u00abde las gre\u00f1as\u00bb a la hermana del detenido.<br \/>\nTal vez no es as\u00ed, pero ellos la creen c\u00f3mplice, tampoco consideran justo que la camioneta donde muri\u00f3 Osmar \u2013cuando buscaban atenci\u00f3n m\u00e9dica\u2013 est\u00e9 en el corral\u00f3n mientras la unidad donde le dieron los balazos est\u00e9 en la cochera de la familia de Rafael, por eso buscar\u00e1n entrevistarse con el Procurador de Justicia del Estado.<br \/>\nEn la Direcci\u00f3n de Seguridad P\u00fablica de Guadalc\u00e1zar, el Comandante Sixto Hern\u00e1ndez \u00c1lvarez recibi\u00f3 llamada telef\u00f3nica a las 22:30 PM del 11 de enero. Sonia V\u00e1zquez Garc\u00eda, denunci\u00f3 a su propio hermano por los hechos que ya son conocidos en todo Guadalc\u00e1zar.<br \/>\nAl poco tiempo la familia de Rafael V\u00e1zquez Garc\u00eda huy\u00f3 de Pozas de Santa Ana.<br \/>\nLos V\u00e1zquez jam\u00e1s olvidar\u00e1n esa noche en que la vida les dio un giro por el crimen del que acusan a Rafael.<br \/>\nDecidieron entregarlo a la autoridad porque hab\u00eda usado un arma calibre 22, tipo rev\u00f3lver para ultimar a Osmar Suriel.<br \/>\nDice la denuncia que luego de dispararle, Rafael condujo a Osmar a recibir atenci\u00f3n, despu\u00e9s los se\u00f1ores \u00c1ngel V\u00e1zquez y Pedro V\u00e1zquez entregaron al muchacho a su familia, y aunque ya nada pod\u00eda hacerse, una persona cambi\u00f3 de ropa el cuerpo que cre\u00eda vivo para llevarlo a un hospital cercano.<br \/>\nYa estaba muerto y en el kil\u00f3metro 36+500 de la Carretera Federal 57, en una camioneta doble cabina aceptaron que hab\u00edan perdido en esa carrera contra la muerte.<br \/>\nEn su defensa el asesino habla de que su v\u00edctima tra\u00eda un arma. Esta no ha aparecido.<\/p>\n<figure id=\"attachment_8864\" aria-describedby=\"caption-attachment-8864\" style=\"width: 142px\" class=\"wp-caption alignleft\"><a href=\"https:\/\/www.plurinominal.com.mx\/wp-content\/uploads\/3-Osmar-Guadalcazar-80.jpg\"><img loading=\"lazy\" decoding=\"async\" class=\"size-full wp-image-8864\" alt=\"Dif\u00edcil olvidar su cara.\" src=\"https:\/\/www.plurinominal.com.mx\/wp-content\/uploads\/3-Osmar-Guadalcazar-80.jpg\" width=\"142\" height=\"94\" \/><\/a><figcaption id=\"caption-attachment-8864\" class=\"wp-caption-text\">Dif\u00edcil olvidar su cara.<\/figcaption><\/figure>\n<p>Dos balazos acabaron con la vida de Osmar y el responsable sigue preso.<\/p>\n","protected":false},"excerpt":{"rendered":"<p>Familiares claman por justicia, temen que homicida logre libertad Marco Serna.- El asesinato a balazos de Osmar Suriel Garc\u00eda Jaramillo se ha convertido en un problema social. Parientes del que&#8230;<\/p>\n","protected":false},"author":1,"featured_media":8855,"comment_status":"closed","ping_status":"open","sticky":false,"template":"","format":"standard","meta":{"footnotes":""},"categories":[6],"tags":[],"class_list":["post-8861","post","type-post","status-publish","format-standard","has-post-thumbnail","hentry","category-guadalcazar","entry","simple"],"_links":{"self":[{"href":"https:\/\/www.plurinominal.com.mx\/index.php?rest_route=\/wp\/v2\/posts\/8861","targetHints":{"allow":["GET"]}}],"collection":[{"href":"https:\/\/www.plurinominal.com.mx\/index.php?rest_route=\/wp\/v2\/posts"}],"about":[{"href":"https:\/\/www.plurinominal.com.mx\/index.php?rest_route=\/wp\/v2\/types\/post"}],"author":[{"embeddable":true,"href":"https:\/\/www.plurinominal.com.mx\/index.php?rest_route=\/wp\/v2\/users\/1"}],"replies":[{"embeddable":true,"href":"https:\/\/www.plurinominal.com.mx\/index.php?rest_route=%2Fwp%2Fv2%2Fcomments&post=8861"}],"version-history":[{"count":0,"href":"https:\/\/www.plurinominal.com.mx\/index.php?rest_route=\/wp\/v2\/posts\/8861\/revisions"}],"wp:featuredmedia":[{"embeddable":true,"href":"https:\/\/www.plurinominal.com.mx\/index.php?rest_route=\/wp\/v2\/media\/8855"}],"wp:attachment":[{"href":"https:\/\/www.plurinominal.com.mx\/index.php?rest_route=%2Fwp%2Fv2%2Fmedia&parent=8861"}],"wp:term":[{"taxonomy":"category","embeddable":true,"href":"https:\/\/www.plurinominal.com.mx\/index.php?rest_route=%2Fwp%2Fv2%2Fcategories&post=8861"},{"taxonomy":"post_tag","embeddable":true,"href":"https:\/\/www.plurinominal.com.mx\/index.php?rest_route=%2Fwp%2Fv2%2Ftags&post=8861"}],"curies":[{"name":"wp","href":"https:\/\/api.w.org\/{rel}","templated":true}]}}