{"id":887,"date":"2011-11-27T12:44:15","date_gmt":"2011-11-27T18:44:15","guid":{"rendered":"http:\/\/www.plurinominal.com.mx\/?p=887"},"modified":"2011-12-09T12:45:23","modified_gmt":"2011-12-09T18:45:23","slug":"atropellaron-a-senora-de-73-anos","status":"publish","type":"post","link":"https:\/\/www.plurinominal.com.mx\/?p=887","title":{"rendered":"Atropellaron a se\u00f1ora de 73 a\u00f1os"},"content":{"rendered":"<p>Del equipo de redacci\u00f3n<br \/>\nSe\u00f1ora de 73 a\u00f1os fue arrollada este fin de semana pero logr\u00f3 reconocer al responsable quien luego prometi\u00f3 pagar las curaciones.<br \/>\nAntonio Torres report\u00f3 el accidente a la polic\u00eda municipal, que de acuerdo al reporte sucedi\u00f3 cerca del lugar conocido como \u201cLa Petrolera\u201d.<br \/>\n\u00c9l dijo ser el yerno de la ofendida, la que se llama Bacilia Espinoza, quien se\u00f1al\u00f3 de entrada como el culpable de los hechos a un sujeto apodado \u201cEl G\u00fcero Silva\u201d.<\/p>\n<p>Se hizo responsable de los cargos<\/p>\n<p>Fue hasta las 17:28 horas, que los polic\u00edas lograron saber sobre una persona que tiene su domicilio en la calle Emiliano Zapata n\u00famero 9, de este lugar.<br \/>\nIndica el reporte de la polic\u00eda que el se\u00f1alado, responde al nombre de Jos\u00e9 Dar\u00edo Silos Mata, de 46 a\u00f1os de edad, quien prometi\u00f3 llegar a un arreglo para evitar toda acci\u00f3n penal.<br \/>\nEl acudi\u00f3 a la comandancia a las 20:00 horas, comprometi\u00e9ndose a hacerse cargo de los gastos m\u00e9dicos en favor de la ofendida. <\/p>\n","protected":false},"excerpt":{"rendered":"<p>Del equipo de redacci\u00f3n Se\u00f1ora de 73 a\u00f1os fue arrollada este fin de semana pero logr\u00f3 reconocer al responsable quien luego prometi\u00f3 pagar las curaciones. Antonio Torres report\u00f3 el accidente&#8230;<\/p>\n","protected":false},"author":1,"featured_media":0,"comment_status":"closed","ping_status":"open","sticky":false,"template":"","format":"standard","meta":{"footnotes":""},"categories":[3],"tags":[436,434,435],"class_list":["post-887","post","type-post","status-publish","format-standard","hentry","category-cerritos","tag-bacilia-espinoza","tag-el-guero-silva","tag-jose-dario-silos-mata","entry","simple"],"_links":{"self":[{"href":"https:\/\/www.plurinominal.com.mx\/index.php?rest_route=\/wp\/v2\/posts\/887","targetHints":{"allow":["GET"]}}],"collection":[{"href":"https:\/\/www.plurinominal.com.mx\/index.php?rest_route=\/wp\/v2\/posts"}],"about":[{"href":"https:\/\/www.plurinominal.com.mx\/index.php?rest_route=\/wp\/v2\/types\/post"}],"author":[{"embeddable":true,"href":"https:\/\/www.plurinominal.com.mx\/index.php?rest_route=\/wp\/v2\/users\/1"}],"replies":[{"embeddable":true,"href":"https:\/\/www.plurinominal.com.mx\/index.php?rest_route=%2Fwp%2Fv2%2Fcomments&post=887"}],"version-history":[{"count":0,"href":"https:\/\/www.plurinominal.com.mx\/index.php?rest_route=\/wp\/v2\/posts\/887\/revisions"}],"wp:attachment":[{"href":"https:\/\/www.plurinominal.com.mx\/index.php?rest_route=%2Fwp%2Fv2%2Fmedia&parent=887"}],"wp:term":[{"taxonomy":"category","embeddable":true,"href":"https:\/\/www.plurinominal.com.mx\/index.php?rest_route=%2Fwp%2Fv2%2Fcategories&post=887"},{"taxonomy":"post_tag","embeddable":true,"href":"https:\/\/www.plurinominal.com.mx\/index.php?rest_route=%2Fwp%2Fv2%2Ftags&post=887"}],"curies":[{"name":"wp","href":"https:\/\/api.w.org\/{rel}","templated":true}]}}