{"id":889,"date":"2011-12-02T12:45:52","date_gmt":"2011-12-02T18:45:52","guid":{"rendered":"http:\/\/www.plurinominal.com.mx\/?p=889"},"modified":"2011-12-09T12:46:22","modified_gmt":"2011-12-09T18:46:22","slug":"44-detenidos-en-noviembre-registro-la-barandilla","status":"publish","type":"post","link":"https:\/\/www.plurinominal.com.mx\/?p=889","title":{"rendered":"44 detenidos en noviembre, registr\u00f3 la barandilla"},"content":{"rendered":"<p>Del equipo de redacci\u00f3n<br \/>\n44 sujetos ingresaron a los separos del CEREDI durante el mes de noviembre, entre ellos una mujer, aunque la mayor\u00eda por faltas menores por las que s\u00f3lo se tuvo que pagar una multa administrativa.<br \/>\nEl d\u00eda de muertos, primero ingres\u00f3 a barandilla Benjam\u00edn Zapata G\u00e1mez de la calle Rioverde 103, del barrio de Francia. La lista completa qued\u00f3 de la siguiente manera:<br \/>\nAlberto G\u00f3mez \u00c1valos, 35 a\u00f1os, vecino de Derramaderos.<br \/>\nJulio C\u00e9sar Mireles Arredondo, 23 a\u00f1os, de la calle Rafael Nieto del n\u00famero 63.<br \/>\nRoberto Rosales Morales, 23 a\u00f1os, Allende 44.<br \/>\nRicardo G\u00e1mez V\u00e1zquez, 20 a\u00f1os, Carrillo Puerto 23.<br \/>\nJos\u00e9 Natividad V\u00e1zquez Villela, 44 a\u00f1os, Carrillo Puerto 166.<br \/>\nPorfirio Eduardo Rodr\u00edguez V\u00e1zquez, 20 a\u00f1os, de la calle Matamoros.<br \/>\nFernando Alvizo Zamarripa, 19 a\u00f1os, de Mat\u00edas de \u00c1vila 625.<br \/>\nJ. Guadalupe Bulis, de la calle Zafiro 302.<br \/>\nJos\u00e9 Everardo Flores, 19 a\u00f1os, de Zafiro 302.<br \/>\nJes\u00fas Alfonso Hern\u00e1ndez Quintero, 20 a\u00f1os, de la calle Privada de Adalberto de \u00c1vila 19.<br \/>\nJaime Moreno Brise\u00f1o, 19 a\u00f1os, de la calle Lago Azul n\u00famero 1.<br \/>\nFelipe de Jes\u00fas Ortega Capetillo, 37 a\u00f1os, de la calle 13 de Septiembre 115.<br \/>\nRamiro Tob\u00edas Alejos, 33 a\u00f1os, de Jes\u00fas Carranza 47.<br \/>\nGerardo Aguilar Rodr\u00edguez, 44 a\u00f1os, de la calle Ni\u00f1os H\u00e9roes 90.<br \/>\nJos\u00e9 Cruz Villegas, 29 a\u00f1os, de la H\u00e9roes Potosinos.<br \/>\nBernardo V\u00e1zquez Reyes, 37 a\u00f1os, calle Oriente n\u00famero 67.<br \/>\nFrancisco Javier \u00c1lvarez Quintero, de la calle Francisco P. Mariel.<br \/>\nJoel G\u00e1mez V\u00e1zquez, 39 a\u00f1os de barrio de la Santa Cruz.<br \/>\nFrancisco Garc\u00eda P\u00e9rez, Abasolo 27, quien cuenta con 23 a\u00f1os.<br \/>\nSalvador L\u00f3pez Luna, 26 a\u00f1os, Escobedo 16.<br \/>\nSecundino L\u00f3pez Luna, 24 a\u00f1os, Manuel J. Oth\u00f3n 75.<br \/>\nDavid Ruiz Z\u00fa\u00f1iga, 37 a\u00f1os, de la calle Negrete, n\u00famero 43.<br \/>\nLuis Iv\u00e1n Pe\u00f1a Ramos, de Aldama 34, \u00e9l tiene 27 a\u00f1os.<br \/>\nGabriel S\u00e1nchez Castillo, de 47 a\u00f1os, de la calle Privada de \u00c1lamo, departamento n\u00famero 4.<br \/>\nLuis Antonio Barr\u00f3n L\u00f3pez, de 22 a\u00f1os, quien no dio su direcci\u00f3n pero se orin\u00f3 en la calle.<br \/>\nJos\u00e9 Luis L\u00f3pez R\u00edos, de la calle Amado Nervo n\u00famero 45.<br \/>\nAmador P\u00e9rez de la calle 5 de Febrero, n\u00famero 18, de 45 a\u00f1os.<br \/>\nJos\u00e9 Manuel Quintero de Derramaderos.<br \/>\nJuan Ramos Alvarado del Sauz, quien tiene 59 a\u00f1os.<br \/>\nIsidro Turrubiartes Z\u00fa\u00f1iga, de 50 a\u00f1os, de la comunidad del Sauz.<br \/>\nSilverio Carrizales Hern\u00e1ndez, de la calle D\u00edez Guti\u00e9rrez 73, de 42 a\u00f1os.<br \/>\nRafael Hern\u00e1ndez Valero, de 34 a\u00f1os.<br \/>\nAntonio Torres Vidales, 30 a\u00f1os, de Palo Seco.<br \/>\nMario V\u00e1zquez Barr\u00f3n, de Palo Seco, tiene 23 a\u00f1os.<br \/>\nMauricio V\u00e1zquez Guti\u00e9rrez, de Palo Seco, de 20 a\u00f1os.<br \/>\nAntonio V\u00e1zquez Barr\u00f3n, de 48 a\u00f1os, tambi\u00e9n de Palo Seco y Jos\u00e9 Amparo R\u00edos Espinoza de esa misma comunidad.<br \/>\nAntonio \u00c1lvarez Quintero, de 45 a\u00f1os, de la calle Jim\u00e9nez.<br \/>\nMiguel Mart\u00ednez, de la calle Mat\u00edas de \u00c1vila 20, de 56 a\u00f1os.<br \/>\nJos\u00e9 Alfredo Capetillo, mec\u00e1nico de 39 a\u00f1os.<br \/>\nBenjam\u00edn Gonz\u00e1lez, de 40 a\u00f1os quien tiene su domicilio en la calle Salazar 35.<br \/>\nFrancisco Bulnes Rodr\u00edguez, calle Zafiro 302, de 51 a\u00f1os.<br \/>\nY una mujer acusada de allanamiento de morada, que tienen su domicilio en la calle Madero, esquina con Negrete. <\/p>\n","protected":false},"excerpt":{"rendered":"<p>Del equipo de redacci\u00f3n 44 sujetos ingresaron a los separos del CEREDI durante el mes de noviembre, entre ellos una mujer, aunque la mayor\u00eda por faltas menores por las que&#8230;<\/p>\n","protected":false},"author":1,"featured_media":0,"comment_status":"closed","ping_status":"open","sticky":false,"template":"","format":"standard","meta":{"footnotes":""},"categories":[3],"tags":[174,32],"class_list":["post-889","post","type-post","status-publish","format-standard","hentry","category-cerritos","tag-barandilla","tag-detenidos","entry","simple"],"_links":{"self":[{"href":"https:\/\/www.plurinominal.com.mx\/index.php?rest_route=\/wp\/v2\/posts\/889","targetHints":{"allow":["GET"]}}],"collection":[{"href":"https:\/\/www.plurinominal.com.mx\/index.php?rest_route=\/wp\/v2\/posts"}],"about":[{"href":"https:\/\/www.plurinominal.com.mx\/index.php?rest_route=\/wp\/v2\/types\/post"}],"author":[{"embeddable":true,"href":"https:\/\/www.plurinominal.com.mx\/index.php?rest_route=\/wp\/v2\/users\/1"}],"replies":[{"embeddable":true,"href":"https:\/\/www.plurinominal.com.mx\/index.php?rest_route=%2Fwp%2Fv2%2Fcomments&post=889"}],"version-history":[{"count":0,"href":"https:\/\/www.plurinominal.com.mx\/index.php?rest_route=\/wp\/v2\/posts\/889\/revisions"}],"wp:attachment":[{"href":"https:\/\/www.plurinominal.com.mx\/index.php?rest_route=%2Fwp%2Fv2%2Fmedia&parent=889"}],"wp:term":[{"taxonomy":"category","embeddable":true,"href":"https:\/\/www.plurinominal.com.mx\/index.php?rest_route=%2Fwp%2Fv2%2Fcategories&post=889"},{"taxonomy":"post_tag","embeddable":true,"href":"https:\/\/www.plurinominal.com.mx\/index.php?rest_route=%2Fwp%2Fv2%2Ftags&post=889"}],"curies":[{"name":"wp","href":"https:\/\/api.w.org\/{rel}","templated":true}]}}