{"id":8894,"date":"2015-03-18T10:35:28","date_gmt":"2015-03-18T16:35:28","guid":{"rendered":"http:\/\/www.plurinominal.com.mx\/?p=8894"},"modified":"2015-03-19T10:37:12","modified_gmt":"2015-03-19T16:37:12","slug":"seccion-26-pone-en-marcha-plan-de-accion-para-recuperar-360-millones-de-pesos","status":"publish","type":"post","link":"https:\/\/www.plurinominal.com.mx\/?p=8894","title":{"rendered":"Secci\u00f3n 26 pone en marcha plan de acci\u00f3n para recuperar 360 millones de pesos"},"content":{"rendered":"<ul>\n<li>Gobierno del Estado adeuda la cantidad a pensiones<\/li>\n<li>La estructura sindical march\u00f3 exigiendo soluci\u00f3n<\/li>\n<\/ul>\n<p><em>Francisco Valero de la Cruz<\/em><br \/>\nDespu\u00e9s de la manifestaci\u00f3n de profesores de telesecundaria, realizada en la Secretar\u00eda de Educaci\u00f3n P\u00fablica del Gobierno del Estado (SEGE) el lunes nueve de marzo, el Profesor Ricardo Garc\u00eda Melo, Secretario General de la Secci\u00f3n 26, traz\u00f3 un plan de acci\u00f3n con el fin de presionar al gobierno del estado a que pague el adeudo que tiene con pensiones desde hace varios a\u00f1os.<br \/>\nEn la primera protesta, Gobierno del Estado y la Secretar\u00eda de Educaci\u00f3n P\u00fablica se compromet\u00edan a depositar 30 millones de pesos, de los 360 millones que adeudan a del pago al fondo de pensiones y de ahorro para la vivienda por parte del Gobierno del Estado.<br \/>\nGarc\u00eda Melo acord\u00f3 publicar un desplegado en algunos medios impresos, con el fin de explicar la posici\u00f3n de la Secci\u00f3n 26 con respecto al adeudo.<br \/>\nIntent\u00f3 que Gobierno Estatal se sensibilizara.<br \/>\nAl no encontrar una respuesta satisfactoria, la estructura sindical marchar\u00eda como ocurri\u00f3 este martes 17 de marzo.<br \/>\nLos profesores fueron convocados a las 4:30 de la tarde en la Glorieta Bocanegra, para marchar desde ah\u00ed hasta Plaza de Fundadores y si era posible hasta frente a palacio de gobierno, con la principal exigencia, \u00absoluci\u00f3n, soluci\u00f3n\u00bb, grito de guerra de los profesores de telesecundaria.<br \/>\nLa marcha, estuvo encabezada por el Secretario General de la Secci\u00f3n 26, Profesor Jos\u00e9 Ricardo Garc\u00eda Melo, el representante del colegiado de telesecundaria Profesor. Jorge Salinas Mendieta, jefes de sector, supervisores, representantes de centros de trabajo y delegaciones, as\u00ed como representantes de maestros de cada una de las escuelas telesecundarias.<br \/>\nLa marcha lleg\u00f3 hasta el centro hist\u00f3rico de la ciudad de San Luis Potos\u00ed, estando all\u00ed se invit\u00f3 al Profesor Melo y a representantes de la octava regi\u00f3n a negociar. Esta comprende Cerritos, Villa de Arista, Villa Hidalgo y Villa Ju\u00e1rez.<br \/>\nEl plan de acci\u00f3n de la secci\u00f3n 26, tambi\u00e9n comprende una marcha de todo el magisterio de telesecundaria, la cual se llevar\u00eda a cabo el pr\u00f3ximo jueves, 19 de marzo, y docentes esperaban instrucciones.<br \/>\nDe no haber ninguna soluci\u00f3n sobre el pago a pensiones del estado, entonces el martes, 24 de marzo, todo el magisterio perteneciente a la secci\u00f3n 26 habr\u00e1 de ser convocado a realizar una marcha en la ciudad de San Luis Potos\u00ed.<br \/>\nLa representaci\u00f3n sindical y los profesores de telesecundaria exigen el pago al gobierno del estado, ya que es como si no tuvieran nada.<br \/>\nCon el dinero se habr\u00edan cubierto las pensiones a los jubilados o de paso tal efectivo pudo generar intereses.<\/p>\n","protected":false},"excerpt":{"rendered":"<p>Gobierno del Estado adeuda la cantidad a pensiones La estructura sindical march\u00f3 exigiendo soluci\u00f3n Francisco Valero de la Cruz Despu\u00e9s de la manifestaci\u00f3n de profesores de telesecundaria, realizada en la&#8230;<\/p>\n","protected":false},"author":1,"featured_media":8890,"comment_status":"closed","ping_status":"open","sticky":false,"template":"","format":"standard","meta":{"footnotes":""},"categories":[486,463,482,4],"tags":[],"class_list":["post-8894","post","type-post","status-publish","format-standard","has-post-thumbnail","hentry","category-educacion","category-politica","category-villa-hidalgo","category-villa-juarez","entry","simple"],"_links":{"self":[{"href":"https:\/\/www.plurinominal.com.mx\/index.php?rest_route=\/wp\/v2\/posts\/8894","targetHints":{"allow":["GET"]}}],"collection":[{"href":"https:\/\/www.plurinominal.com.mx\/index.php?rest_route=\/wp\/v2\/posts"}],"about":[{"href":"https:\/\/www.plurinominal.com.mx\/index.php?rest_route=\/wp\/v2\/types\/post"}],"author":[{"embeddable":true,"href":"https:\/\/www.plurinominal.com.mx\/index.php?rest_route=\/wp\/v2\/users\/1"}],"replies":[{"embeddable":true,"href":"https:\/\/www.plurinominal.com.mx\/index.php?rest_route=%2Fwp%2Fv2%2Fcomments&post=8894"}],"version-history":[{"count":0,"href":"https:\/\/www.plurinominal.com.mx\/index.php?rest_route=\/wp\/v2\/posts\/8894\/revisions"}],"wp:featuredmedia":[{"embeddable":true,"href":"https:\/\/www.plurinominal.com.mx\/index.php?rest_route=\/wp\/v2\/media\/8890"}],"wp:attachment":[{"href":"https:\/\/www.plurinominal.com.mx\/index.php?rest_route=%2Fwp%2Fv2%2Fmedia&parent=8894"}],"wp:term":[{"taxonomy":"category","embeddable":true,"href":"https:\/\/www.plurinominal.com.mx\/index.php?rest_route=%2Fwp%2Fv2%2Fcategories&post=8894"},{"taxonomy":"post_tag","embeddable":true,"href":"https:\/\/www.plurinominal.com.mx\/index.php?rest_route=%2Fwp%2Fv2%2Ftags&post=8894"}],"curies":[{"name":"wp","href":"https:\/\/api.w.org\/{rel}","templated":true}]}}