{"id":8912,"date":"2015-03-12T10:56:16","date_gmt":"2015-03-12T16:56:16","guid":{"rendered":"http:\/\/www.plurinominal.com.mx\/?p=8912"},"modified":"2015-03-19T10:56:38","modified_gmt":"2015-03-19T16:56:38","slug":"entregaran-seguro-catastrofico-en-guadalcazar","status":"publish","type":"post","link":"https:\/\/www.plurinominal.com.mx\/?p=8912","title":{"rendered":"Entregar\u00e1n seguro catastr\u00f3fico en Guadalc\u00e1zar"},"content":{"rendered":"<ul>\n<li>Productores sufrieron afectaciones en el ciclo Primavera-Verano 2014<\/li>\n<\/ul>\n<p><em>Marco Serna.-<\/em> 2 mil hect\u00e1reas pertenecientes a 29 n\u00facleos agrarios entrar\u00edan a programa de gobierno a fin de que productores gozaran del seguro catastr\u00f3fico.<br \/>\nEl Ingeniero Agust\u00edn Jaime Loera Lerma, adscrito al \u00e1rea de Coordinaci\u00f3n de Desarrollo Agropecuario del Honorable Ayuntamiento de Guadalc\u00e1zar, indic\u00f3 que la semana que concluy\u00f3, se levant\u00f3 la n\u00f3mina ante autoridades ejidales, pues mediante un acta de asamblea expedida por el ejido, agricultores habr\u00edan de comprobar sus sembrad\u00edos.<br \/>\nLos perjudicados sufrieron afectaciones por sequ\u00edas en el ciclo Primavera-Verano 2014, y es a ellos a quienes corresponde el apoyo.<br \/>\nExplic\u00f3 Agust\u00edn Jaime que los productores recibir\u00edan hasta 1500 pesos por cada hect\u00e1rea, seg\u00fan el convenio de asamblea, aunque podr\u00eda haber modificaciones de \u00faltima hora.<br \/>\nEl apoyo gubernamental se concreta gracias a la intervenci\u00f3n de la SEDARH y la SAGARPA.<\/p>\n","protected":false},"excerpt":{"rendered":"<p>Productores sufrieron afectaciones en el ciclo Primavera-Verano 2014 Marco Serna.- 2 mil hect\u00e1reas pertenecientes a 29 n\u00facleos agrarios entrar\u00edan a programa de gobierno a fin de que productores gozaran del&#8230;<\/p>\n","protected":false},"author":1,"featured_media":0,"comment_status":"closed","ping_status":"open","sticky":false,"template":"","format":"standard","meta":{"footnotes":""},"categories":[6],"tags":[],"class_list":["post-8912","post","type-post","status-publish","format-standard","hentry","category-guadalcazar","entry","simple"],"_links":{"self":[{"href":"https:\/\/www.plurinominal.com.mx\/index.php?rest_route=\/wp\/v2\/posts\/8912","targetHints":{"allow":["GET"]}}],"collection":[{"href":"https:\/\/www.plurinominal.com.mx\/index.php?rest_route=\/wp\/v2\/posts"}],"about":[{"href":"https:\/\/www.plurinominal.com.mx\/index.php?rest_route=\/wp\/v2\/types\/post"}],"author":[{"embeddable":true,"href":"https:\/\/www.plurinominal.com.mx\/index.php?rest_route=\/wp\/v2\/users\/1"}],"replies":[{"embeddable":true,"href":"https:\/\/www.plurinominal.com.mx\/index.php?rest_route=%2Fwp%2Fv2%2Fcomments&post=8912"}],"version-history":[{"count":0,"href":"https:\/\/www.plurinominal.com.mx\/index.php?rest_route=\/wp\/v2\/posts\/8912\/revisions"}],"wp:attachment":[{"href":"https:\/\/www.plurinominal.com.mx\/index.php?rest_route=%2Fwp%2Fv2%2Fmedia&parent=8912"}],"wp:term":[{"taxonomy":"category","embeddable":true,"href":"https:\/\/www.plurinominal.com.mx\/index.php?rest_route=%2Fwp%2Fv2%2Fcategories&post=8912"},{"taxonomy":"post_tag","embeddable":true,"href":"https:\/\/www.plurinominal.com.mx\/index.php?rest_route=%2Fwp%2Fv2%2Ftags&post=8912"}],"curies":[{"name":"wp","href":"https:\/\/api.w.org\/{rel}","templated":true}]}}