{"id":8930,"date":"2015-03-11T11:14:52","date_gmt":"2015-03-11T17:14:52","guid":{"rendered":"http:\/\/www.plurinominal.com.mx\/?p=8930"},"modified":"2015-03-19T11:17:44","modified_gmt":"2015-03-19T17:17:44","slug":"desbandada-de-priistas-en-guadalcazar","status":"publish","type":"post","link":"https:\/\/www.plurinominal.com.mx\/?p=8930","title":{"rendered":"Desbandada de pri\u00edstas en Guadalc\u00e1zar"},"content":{"rendered":"<ul>\n<li>Gente de Pepe Mart\u00ednez encontr\u00f3 respaldo en el PVEM y con Antorchistas<\/li>\n<\/ul>\n<p><em>Marco Serna.-<\/em> Seguidores de Jos\u00e9 Luis Mart\u00ednez Mel\u00e9ndez revelaron la separaci\u00f3n de las filas de PRI dado que no lograron acuerdos con el grupo del candidato tricolor Rolando Ortiz Hern\u00e1ndez.<br \/>\nPor vez primera sucedi\u00f3 una contienda entre dos precandidatos y ahora la fragmentaci\u00f3n fue inevitable, aunque en 2012, por diferencias con el grupo de Benancio Hern\u00e1ndez Moreno, el Profesor \u2013tambi\u00e9n ex pri\u00edsta\u2013 Filiberto L\u00f3pez Maldonado busc\u00f3 la presidencia bajo las siglas del PAN.<br \/>\nAl saber que el resultado no lo favorec\u00eda, Pepe Mart\u00ednez \u2013ex Presidente Municipal y ex Diputado Local por el PRI\u2013 tuvo acercamiento con la gente de Yazm\u00edn Aguilar Castillo, candidata de unidad del PAN.<br \/>\nTambi\u00e9n lo hizo con Filiberto L\u00f3pez \u2013que ahora capitanea al Partido Conciencia Popular\u2013 y lo que mejor convino para Jos\u00e9 Luis Mart\u00ednez y su gente, fue adentrarse en el Partido Verde Ecologista de M\u00e9xico, instituci\u00f3n con ideales similares a los del PRI, dado que el grupo de Rolando Ortiz no present\u00f3 ofertas.<br \/>\nTrascendi\u00f3 que Mart\u00ednez Mel\u00e9ndez logr\u00f3 amarres con gente de Antorcha Campesina, tras pl\u00e1tica sostenida con el dirigente estatal Lenin Campos C\u00f3rdova y dentro de pronto destapar\u00e1n al candidato del Verde.<br \/>\n\u201cEn caso de que el 15 de febrero, que sea la elecci\u00f3n y que tengamos el candidato, si a Pepe Mart\u00ednez el resultado no le favorece, estaremos sum\u00e1ndonos al ganador de nuestro partido, porque eso es lo que necesita Guadalc\u00e1zar\u201d, dijo el 26 de enero a Plurinominal el propio ex diputado, a breves instantes de haber presentado solicitud de registro como precandidato al cargo de presidente municipal por el PRI.<br \/>\nDurante entrevista, \u201cPepe Luis\u201d se sinti\u00f3 orgulloso de que Guadalc\u00e1zar fuera de los pocos municipios en M\u00e9xico y en San Luis Potos\u00ed donde no ha habido alternancia en 85 a\u00f1os, pues siempre ha sido pri\u00edsta.<\/p>\n","protected":false},"excerpt":{"rendered":"<p>Gente de Pepe Mart\u00ednez encontr\u00f3 respaldo en el PVEM y con Antorchistas Marco Serna.- Seguidores de Jos\u00e9 Luis Mart\u00ednez Mel\u00e9ndez revelaron la separaci\u00f3n de las filas de PRI dado que&#8230;<\/p>\n","protected":false},"author":1,"featured_media":0,"comment_status":"closed","ping_status":"open","sticky":false,"template":"","format":"standard","meta":{"footnotes":""},"categories":[6],"tags":[],"class_list":["post-8930","post","type-post","status-publish","format-standard","hentry","category-guadalcazar","entry","simple"],"_links":{"self":[{"href":"https:\/\/www.plurinominal.com.mx\/index.php?rest_route=\/wp\/v2\/posts\/8930","targetHints":{"allow":["GET"]}}],"collection":[{"href":"https:\/\/www.plurinominal.com.mx\/index.php?rest_route=\/wp\/v2\/posts"}],"about":[{"href":"https:\/\/www.plurinominal.com.mx\/index.php?rest_route=\/wp\/v2\/types\/post"}],"author":[{"embeddable":true,"href":"https:\/\/www.plurinominal.com.mx\/index.php?rest_route=\/wp\/v2\/users\/1"}],"replies":[{"embeddable":true,"href":"https:\/\/www.plurinominal.com.mx\/index.php?rest_route=%2Fwp%2Fv2%2Fcomments&post=8930"}],"version-history":[{"count":0,"href":"https:\/\/www.plurinominal.com.mx\/index.php?rest_route=\/wp\/v2\/posts\/8930\/revisions"}],"wp:attachment":[{"href":"https:\/\/www.plurinominal.com.mx\/index.php?rest_route=%2Fwp%2Fv2%2Fmedia&parent=8930"}],"wp:term":[{"taxonomy":"category","embeddable":true,"href":"https:\/\/www.plurinominal.com.mx\/index.php?rest_route=%2Fwp%2Fv2%2Fcategories&post=8930"},{"taxonomy":"post_tag","embeddable":true,"href":"https:\/\/www.plurinominal.com.mx\/index.php?rest_route=%2Fwp%2Fv2%2Ftags&post=8930"}],"curies":[{"name":"wp","href":"https:\/\/api.w.org\/{rel}","templated":true}]}}