{"id":9027,"date":"2015-04-20T21:06:23","date_gmt":"2015-04-21T02:06:23","guid":{"rendered":"http:\/\/www.plurinominal.com.mx\/?p=9027"},"modified":"2015-04-23T21:08:44","modified_gmt":"2015-04-24T02:08:44","slug":"molestan-a-comerciantes-de-la-zona-centro-teresa-hernandez","status":"publish","type":"post","link":"https:\/\/www.plurinominal.com.mx\/?p=9027","title":{"rendered":"Molestan a comerciantes de la zona centro: Teresa Hern\u00e1ndez"},"content":{"rendered":"<ul>\n<li>Representa a Conciencia Popular en Villa Hidalgo<\/li>\n<\/ul>\n<figure id=\"attachment_9028\" aria-describedby=\"caption-attachment-9028\" style=\"width: 170px\" class=\"wp-caption alignleft\"><a href=\"https:\/\/www.plurinominal.com.mx\/wp-content\/uploads\/6-teresa-hernandez.jpg\"><img loading=\"lazy\" decoding=\"async\" class=\"size-full wp-image-9028\" alt=\"Teresa Hern\u00e1ndez.\" src=\"https:\/\/www.plurinominal.com.mx\/wp-content\/uploads\/6-teresa-hernandez.jpg\" width=\"170\" height=\"227\" \/><\/a><figcaption id=\"caption-attachment-9028\" class=\"wp-caption-text\">Teresa Hern\u00e1ndez.<\/figcaption><\/figure>\n<p><em>Marco Serna.-<\/em> Agresiones y molestias a puesteros que ocupan la plaza principal para ofrecer mercanc\u00edas, denunci\u00f3 la se\u00f1ora Mar\u00eda Teresa Hern\u00e1ndez, candidata a la presidencia municipal de Villa Hidalgo y representante tambi\u00e9n de una asociaci\u00f3n civil.<br \/>\nQuien abandera a Conciencia Popular, expuso que los hechos ser\u00edan dados a conocer a la prensa, pues se considera \u201cciudadana leg\u00edtima\u201d, y por eso va a seguir trabajando a pesar de las represalias.<br \/>\nDe ganar la mujer que tambi\u00e9n busca una regidur\u00eda para tener representaci\u00f3n desde el Cabildo, indic\u00f3 que lo importante ser\u00e1 que a la gente que est\u00e9 al corriente con el pago de contribuciones, nada debe impedirles realizar la actividad del comercio.<br \/>\nTeresa descart\u00f3 cualquier alianza con el PAN, aunque dijo, de haberse logrado habr\u00eda sido m\u00e1s f\u00e1cil para la oposici\u00f3n recuperar la presidencia municipal que ahora ocupan los antorchistas.<br \/>\n\u201cYo busco el progreso de todo el municipio, no el de unos cuantos\u201d, dijo, para esto ejemplific\u00f3 que gracias a 16 vueltas que dio a la capital del estado, pudo lograrse la realizaci\u00f3n de dos aulas en la comunidad de Silos.<br \/>\n\u201cMe puse con cartelones frente al Gobierno del Estado, ya solo falta el techo\u201d, coment\u00f3.<br \/>\nTeresa Hern\u00e1ndez expuso que sus movimientos continuar\u00e1n, pues Villa Hidalgo requiere de m\u00e1s cosas, \u201csi no me las dan por la buena, recurrir\u00e9 a la grilla\u201d, finaliz\u00f3.<\/p>\n","protected":false},"excerpt":{"rendered":"<p>Representa a Conciencia Popular en Villa Hidalgo Marco Serna.- Agresiones y molestias a puesteros que ocupan la plaza principal para ofrecer mercanc\u00edas, denunci\u00f3 la se\u00f1ora Mar\u00eda Teresa Hern\u00e1ndez, candidata a&#8230;<\/p>\n","protected":false},"author":1,"featured_media":0,"comment_status":"closed","ping_status":"open","sticky":false,"template":"","format":"standard","meta":{"footnotes":""},"categories":[482],"tags":[],"class_list":["post-9027","post","type-post","status-publish","format-standard","hentry","category-villa-hidalgo","entry","simple"],"_links":{"self":[{"href":"https:\/\/www.plurinominal.com.mx\/index.php?rest_route=\/wp\/v2\/posts\/9027","targetHints":{"allow":["GET"]}}],"collection":[{"href":"https:\/\/www.plurinominal.com.mx\/index.php?rest_route=\/wp\/v2\/posts"}],"about":[{"href":"https:\/\/www.plurinominal.com.mx\/index.php?rest_route=\/wp\/v2\/types\/post"}],"author":[{"embeddable":true,"href":"https:\/\/www.plurinominal.com.mx\/index.php?rest_route=\/wp\/v2\/users\/1"}],"replies":[{"embeddable":true,"href":"https:\/\/www.plurinominal.com.mx\/index.php?rest_route=%2Fwp%2Fv2%2Fcomments&post=9027"}],"version-history":[{"count":0,"href":"https:\/\/www.plurinominal.com.mx\/index.php?rest_route=\/wp\/v2\/posts\/9027\/revisions"}],"wp:attachment":[{"href":"https:\/\/www.plurinominal.com.mx\/index.php?rest_route=%2Fwp%2Fv2%2Fmedia&parent=9027"}],"wp:term":[{"taxonomy":"category","embeddable":true,"href":"https:\/\/www.plurinominal.com.mx\/index.php?rest_route=%2Fwp%2Fv2%2Fcategories&post=9027"},{"taxonomy":"post_tag","embeddable":true,"href":"https:\/\/www.plurinominal.com.mx\/index.php?rest_route=%2Fwp%2Fv2%2Ftags&post=9027"}],"curies":[{"name":"wp","href":"https:\/\/api.w.org\/{rel}","templated":true}]}}