{"id":903,"date":"2011-12-13T14:17:01","date_gmt":"2011-12-13T20:17:01","guid":{"rendered":"http:\/\/www.plurinominal.com.mx\/?p=903"},"modified":"2011-12-13T14:18:35","modified_gmt":"2011-12-13T20:18:35","slug":"presentan-solicitudes-de-registro-como-pre-candidatos-en-an","status":"publish","type":"post","link":"https:\/\/www.plurinominal.com.mx\/?p=903","title":{"rendered":"Presentan solicitudes de registro como pre candidatos en AN"},"content":{"rendered":"<p>Gregorio Carbajal exhibi\u00f3 documentos este fin de semana, Arturo Narv\u00e1ez lo har\u00e1 este martes ante el CDE<\/p>\n<p>Marco Serna<br \/>\nEste s\u00e1bado, el Ingeniero Gregorio Carbajal S\u00e1nchez present\u00f3 su solicitud de registro como pre candidato municipal por Acci\u00f3n Nacional en el Comit\u00e9 Directivo Estatal ubicado en la capital Potosina.<br \/>\nAcompa\u00f1ado de sus m\u00e1s fieles seguidores Gregorio Carbajal, \u2014quien busca la candidatura panista por tercera ocasi\u00f3n\u2014 deber\u00e1 esperar hasta el 28 de Diciembre la validaci\u00f3n de tal solicitud para declararse formalmente como pre candidato e iniciar las acciones hacia el segundo paso que es el proselitismo interno entre miembros activos y adherentes que emitir\u00e1n el voto para elegir al representante panista municipal en los comicios del 2012.<br \/>\nAl igual que Arturo Narv\u00e1ez, Carbajal S\u00e1nchez es hasta ahora s\u00f3lo un aspirante a la precandidatura.<br \/>\nTrascendi\u00f3 que el Notario presentar\u00e1 su solicitud este martes 13 de diciembre en el mismo lugar.<br \/>\nSer\u00e1 a partir de enero del pr\u00f3ximo a\u00f1o que d\u00e9 comienzo la pre campa\u00f1a interna, ya que hasta el 30 de Diciembre cualquier impedimento les ser\u00e1 notificado.<br \/>\nDe tener todo a favor, el candidato ser\u00e1 elegido el 19 de Febrero en las oficinas del Comit\u00e9 Directivo Municipal que encabeza Silvia Rodr\u00edguez, fecha en que se decidir\u00e1n todas las candidaturas blanquiazules a nivel nacional.<br \/>\nEl plazo de solicitud de registro de precandidatos para cargos de elecci\u00f3n popular para San Luis Potos\u00ed, concluye el 15 de Diciembre.<br \/>\nPara ayuntamientos y diputados locales de mayor\u00eda, la elecci\u00f3n de candidatos se realizar\u00e1 por m\u00e9todo ordinario, con la participaci\u00f3n de miembros activos y adherentes.<br \/>\nSe espera que el paisano Frank de \u00c1vila se presente tambi\u00e9n a solicitar su registro como pre candidato a una diputaci\u00f3n.<\/p>\n","protected":false},"excerpt":{"rendered":"<p>Gregorio Carbajal exhibi\u00f3 documentos este fin de semana, Arturo Narv\u00e1ez lo har\u00e1 este martes ante el CDE Marco Serna Este s\u00e1bado, el Ingeniero Gregorio Carbajal S\u00e1nchez present\u00f3 su solicitud de&#8230;<\/p>\n","protected":false},"author":1,"featured_media":0,"comment_status":"closed","ping_status":"open","sticky":false,"template":"","format":"standard","meta":{"footnotes":""},"categories":[3],"tags":[58,441,440],"class_list":["post-903","post","type-post","status-publish","format-standard","hentry","category-cerritos","tag-pan","tag-pre-candidaturas","tag-solicitudes","entry","simple"],"_links":{"self":[{"href":"https:\/\/www.plurinominal.com.mx\/index.php?rest_route=\/wp\/v2\/posts\/903","targetHints":{"allow":["GET"]}}],"collection":[{"href":"https:\/\/www.plurinominal.com.mx\/index.php?rest_route=\/wp\/v2\/posts"}],"about":[{"href":"https:\/\/www.plurinominal.com.mx\/index.php?rest_route=\/wp\/v2\/types\/post"}],"author":[{"embeddable":true,"href":"https:\/\/www.plurinominal.com.mx\/index.php?rest_route=\/wp\/v2\/users\/1"}],"replies":[{"embeddable":true,"href":"https:\/\/www.plurinominal.com.mx\/index.php?rest_route=%2Fwp%2Fv2%2Fcomments&post=903"}],"version-history":[{"count":0,"href":"https:\/\/www.plurinominal.com.mx\/index.php?rest_route=\/wp\/v2\/posts\/903\/revisions"}],"wp:attachment":[{"href":"https:\/\/www.plurinominal.com.mx\/index.php?rest_route=%2Fwp%2Fv2%2Fmedia&parent=903"}],"wp:term":[{"taxonomy":"category","embeddable":true,"href":"https:\/\/www.plurinominal.com.mx\/index.php?rest_route=%2Fwp%2Fv2%2Fcategories&post=903"},{"taxonomy":"post_tag","embeddable":true,"href":"https:\/\/www.plurinominal.com.mx\/index.php?rest_route=%2Fwp%2Fv2%2Ftags&post=903"}],"curies":[{"name":"wp","href":"https:\/\/api.w.org\/{rel}","templated":true}]}}