{"id":9038,"date":"2015-04-23T21:14:56","date_gmt":"2015-04-24T02:14:56","guid":{"rendered":"http:\/\/www.plurinominal.com.mx\/?p=9038"},"modified":"2015-04-23T21:14:56","modified_gmt":"2015-04-24T02:14:56","slug":"comienza-despido-de-policias-en-guadalcazar","status":"publish","type":"post","link":"https:\/\/www.plurinominal.com.mx\/?p=9038","title":{"rendered":"Comienza despido de polic\u00edas en Guadalc\u00e1zar"},"content":{"rendered":"<ul>\n<li>Algunos 20 reprobaron ex\u00e1menes de control y confianza<\/li>\n<\/ul>\n<p><em>Marco Serna.-<\/em> A ra\u00edz de que un grupo de polic\u00edas adscritos a la Direcci\u00f3n de Seguridad P\u00fablica Municipal de Guadalc\u00e1zar reprobaron los ex\u00e1menes de control y confianza \u2013a los que se sometieron a mediados de 2014\u2013 apenas en abril de 2015 se determin\u00f3 el despido.<br \/>\nDe un grupo aproximado a 25 polic\u00edas, algunos 20 habr\u00edan reprobado el test, y esta semana que acaba se conoci\u00f3 de la desocupaci\u00f3n de tres.<br \/>\nIdentificados como \u201cAmbrosio, Pablo y Ana\u201d, los agentes dejaron de pertenecer a la agrupaci\u00f3n.<br \/>\nFueron muy pocos los que pasaron la prueba, incluso los resultados llegaron primero a manos del alcalde Benancio Hern\u00e1ndez Moreno y luego se dieron a conocer entre el cuerpo policiaco.<br \/>\nA los reprobados los habr\u00edan de indemnizar de acuerdo a lo que marca la ley, todo por atender las disposiciones de altas esferas de gobierno que impiden que entre los polic\u00edas se cuente con personas de cuya actitud se sospecha.<br \/>\nLas desocupaciones seguir\u00edan a lo largo de este mes.<\/p>\n","protected":false},"excerpt":{"rendered":"<p>Algunos 20 reprobaron ex\u00e1menes de control y confianza Marco Serna.- A ra\u00edz de que un grupo de polic\u00edas adscritos a la Direcci\u00f3n de Seguridad P\u00fablica Municipal de Guadalc\u00e1zar reprobaron los&#8230;<\/p>\n","protected":false},"author":1,"featured_media":0,"comment_status":"closed","ping_status":"open","sticky":false,"template":"","format":"standard","meta":{"footnotes":""},"categories":[6],"tags":[],"class_list":["post-9038","post","type-post","status-publish","format-standard","hentry","category-guadalcazar","entry","simple"],"_links":{"self":[{"href":"https:\/\/www.plurinominal.com.mx\/index.php?rest_route=\/wp\/v2\/posts\/9038","targetHints":{"allow":["GET"]}}],"collection":[{"href":"https:\/\/www.plurinominal.com.mx\/index.php?rest_route=\/wp\/v2\/posts"}],"about":[{"href":"https:\/\/www.plurinominal.com.mx\/index.php?rest_route=\/wp\/v2\/types\/post"}],"author":[{"embeddable":true,"href":"https:\/\/www.plurinominal.com.mx\/index.php?rest_route=\/wp\/v2\/users\/1"}],"replies":[{"embeddable":true,"href":"https:\/\/www.plurinominal.com.mx\/index.php?rest_route=%2Fwp%2Fv2%2Fcomments&post=9038"}],"version-history":[{"count":0,"href":"https:\/\/www.plurinominal.com.mx\/index.php?rest_route=\/wp\/v2\/posts\/9038\/revisions"}],"wp:attachment":[{"href":"https:\/\/www.plurinominal.com.mx\/index.php?rest_route=%2Fwp%2Fv2%2Fmedia&parent=9038"}],"wp:term":[{"taxonomy":"category","embeddable":true,"href":"https:\/\/www.plurinominal.com.mx\/index.php?rest_route=%2Fwp%2Fv2%2Fcategories&post=9038"},{"taxonomy":"post_tag","embeddable":true,"href":"https:\/\/www.plurinominal.com.mx\/index.php?rest_route=%2Fwp%2Fv2%2Ftags&post=9038"}],"curies":[{"name":"wp","href":"https:\/\/api.w.org\/{rel}","templated":true}]}}