{"id":91,"date":"2011-10-16T00:48:59","date_gmt":"2011-10-16T00:48:59","guid":{"rendered":"http:\/\/www.plurinominal.com.mx\/?p=91"},"modified":"2011-11-05T01:08:46","modified_gmt":"2011-11-05T01:08:46","slug":"el-dilema-de-elegir","status":"publish","type":"post","link":"https:\/\/www.plurinominal.com.mx\/?p=91","title":{"rendered":"El dilema de elegir"},"content":{"rendered":"<p>plurinominal@gmail.com<br \/>\nEl abanico de aspirantes a suceder a Erasmo Galv\u00e1n Nieto se ha abierto completamente, el pueblo cerritense entra en la encrucijada de elegir, si no al mejor, s\u00ed al menos malo.<br \/>\nLa baraja de personalidades muestra opciones muy diversas e interesantes y otras no tanto, pero todas con mucha enjundia.<br \/>\nLas preguntas que saltan en el \u00e1nimo de los electores son: \u00bfC\u00f3mo elegir al m\u00e1s id\u00f3neo? \u00bfCu\u00e1les son los requisitos que deber\u00e1 tener? \u00bfC\u00f3mo podemos hacer la mejor elecci\u00f3n de un candidato, independientemente de las promesas de campa\u00f1a?, \u00bfQu\u00e9 candidato presenta las mejores condiciones para integrar el equipo de trabajo de alto desempe\u00f1o necesario para gobernar y cumplir con las expectativas de los cerritenses?<br \/>\nLa experiencia le ha ense\u00f1ado al pueblo que elegir emotivamente resulta siempre err\u00f3neo, pues no siempre un candidato simp\u00e1tico es el mejor calificado para gobernar, lo cual desemboca en desencanto.<br \/>\nLa hora de elegir razonadamente ha llegado, quien aspire a dirigir los destinos de este municipio debe tener las siguientes caracter\u00edsticas: programa de gobierno claro, preciso y realista y un perfil definido de l\u00edder propositivo e inteligente.<br \/>\nLa idea consiste en elegir un m\u00e9todo funcional y sencillo sustentado en el sentido com\u00fan  \u2014que por desgracia es el menos com\u00fan de los sentidos aplicados en este tipo de selecci\u00f3n\u2014 para que el elector descubra el perfil, conozca y escudri\u00f1e el programa de gobierno y observe y analice cualidades, conocimientos, capacidades y destrezas del prospecto a elegir para la funci\u00f3n de gobernarlos.<br \/>\nEl elector debe considerar que en el acervo personal del prospecto se cuenten cualidades tales como: Negociador, anal\u00edtico, tener enfoque en resultados a corto plazo, t\u00e9cnico, cuantitativo, con toma de decisi\u00f3n racional, medici\u00f3n \u00f3ptima del costo beneficio, decidido, evaluador, buen manejo de la presi\u00f3n.<br \/>\nAdem\u00e1s, innovador, enfocado en mejorar y cambiar, sist\u00e9mico, con enfoque en resultado mediano plazo, con toma de decisi\u00f3n m\u00e1s intuitiva, estrat\u00e9gico, sin\u00e9rgico, buen trabajador en equipo, conciliador y visionario, y sin faltar, ser honesto y veraz.<br \/>\nSeg\u00fan Sigmund Freud, los seguidores apoyan a los l\u00edderes con base en dos caracter\u00edsticas, las primeras racionales y las segundas originadas en el subconsciente de cada persona. En el caso de las racionales estas van ligadas con las expectativas de tener una mejor posici\u00f3n econ\u00f3mica, estatus, poder o en su caso con los temores de perder una posici\u00f3n.<br \/>\nEn el caso de las originadas en el subconsciente son im\u00e1genes que proyectamos en nuestras relaciones con los l\u00edderes producto de idealizaciones de nuestro pasado, generalmente referido a nuestros propios padres.<br \/>\nCuando durante la relaci\u00f3n l\u00edder-seguidor (candidato-votante), el seguidor realiza hacia el l\u00edder una transferencia positiva se logra una relaci\u00f3n estrecha y ampliamente productiva. Cuando la transferencia es negativa empiezan a gestarse conflictos entre el l\u00edder y sus seguidores.<br \/>\n\u00bfHabr\u00e1 aqu\u00ed quien llene estos perfiles? Y si no lo hay, \u00bfC\u00f3mo criticar a los oponentes?<\/p>\n<p> CINCELAZO.- \u00a1Dif\u00edcil, la b\u00fasqueda del paradigma\u00a1<\/p>\n","protected":false},"excerpt":{"rendered":"<p>plurinominal@gmail.com El abanico de aspirantes a suceder a Erasmo Galv\u00e1n Nieto se ha abierto completamente, el pueblo cerritense entra en la encrucijada de elegir, si no al mejor, s\u00ed al&#8230;<\/p>\n","protected":false},"author":1,"featured_media":0,"comment_status":"closed","ping_status":"open","sticky":false,"template":"","format":"standard","meta":{"footnotes":""},"categories":[3,5],"tags":[35,33,38,40,34,24,36,37,39],"class_list":["post-91","post","type-post","status-publish","format-standard","hentry","category-cerritos","category-opinion","tag-arturo-narvaez","tag-candidatos","tag-convergencia","tag-ex-presidentes","tag-goyo-carbajal","tag-pablo-sanchez","tag-prd","tag-pt","tag-verde-ecologista","entry","simple"],"_links":{"self":[{"href":"https:\/\/www.plurinominal.com.mx\/index.php?rest_route=\/wp\/v2\/posts\/91","targetHints":{"allow":["GET"]}}],"collection":[{"href":"https:\/\/www.plurinominal.com.mx\/index.php?rest_route=\/wp\/v2\/posts"}],"about":[{"href":"https:\/\/www.plurinominal.com.mx\/index.php?rest_route=\/wp\/v2\/types\/post"}],"author":[{"embeddable":true,"href":"https:\/\/www.plurinominal.com.mx\/index.php?rest_route=\/wp\/v2\/users\/1"}],"replies":[{"embeddable":true,"href":"https:\/\/www.plurinominal.com.mx\/index.php?rest_route=%2Fwp%2Fv2%2Fcomments&post=91"}],"version-history":[{"count":0,"href":"https:\/\/www.plurinominal.com.mx\/index.php?rest_route=\/wp\/v2\/posts\/91\/revisions"}],"wp:attachment":[{"href":"https:\/\/www.plurinominal.com.mx\/index.php?rest_route=%2Fwp%2Fv2%2Fmedia&parent=91"}],"wp:term":[{"taxonomy":"category","embeddable":true,"href":"https:\/\/www.plurinominal.com.mx\/index.php?rest_route=%2Fwp%2Fv2%2Fcategories&post=91"},{"taxonomy":"post_tag","embeddable":true,"href":"https:\/\/www.plurinominal.com.mx\/index.php?rest_route=%2Fwp%2Fv2%2Ftags&post=91"}],"curies":[{"name":"wp","href":"https:\/\/api.w.org\/{rel}","templated":true}]}}