{"id":9170,"date":"2015-08-25T12:02:32","date_gmt":"2015-08-25T17:02:32","guid":{"rendered":"http:\/\/www.plurinominal.com.mx\/?p=9170"},"modified":"2015-08-31T12:03:37","modified_gmt":"2015-08-31T17:03:37","slug":"uicslp-profesionistas-que-estan-cambiando-el-entorno","status":"publish","type":"post","link":"https:\/\/www.plurinominal.com.mx\/?p=9170","title":{"rendered":"UICSLP, profesionistas que est\u00e1n cambiando el entorno"},"content":{"rendered":"<ul>\n<li>Universitarios pertenecen a Cerritos, Villa Ju\u00e1rez, Guadalc\u00e1zar, Villa Hidalgo, Rioverde y Tula, Tamaulipas<\/li>\n<\/ul>\n<p><em>Redacci\u00f3n.-<\/em> 160 alumnos inscritos iniciaron el ciclo escolar en las nuevas instalaciones de la Universidad Intercultural de San Luis Potos\u00ed Unidad Acad\u00e9mica de Cerritos, ubicada en la Colonia Aurora de esta cabecera municipal.<br \/>\nA la apertura tanto de las nuevas instalaciones as\u00ed como del nuevo ciclo de estudios asisti\u00f3 Dulce Mar\u00eda Montes Z\u00fa\u00f1iga, Presidenta Constitucional de Cerritos, al Igual que Aurora Ordu\u00f1a Correa, Rectora de la Universidad Intercultural de San Luis Potos\u00ed.<br \/>\nEn su mensaje, la mandataria municipal dijo que la construcci\u00f3n del nuevo edificio ha sido el premio al esfuerzo de todos los cerritenses. \u201cDesde que empez\u00f3 la universidad aqu\u00ed en Cerritos mucha gente trabaj\u00f3 para que se pudiera concretar este sue\u00f1o\u201d.<br \/>\nIndic\u00f3 el orgullo que siente la administraci\u00f3n p\u00fablica municipal 2012-2015 por la finalizaci\u00f3n de una etapa que dar\u00e1 paso a nuevas y mejores condiciones para los alumnos del nivel superior. \u201cQuiero felicitar a todos los alumnos, a todos los padres de familia, a los maestros, a todos lo que de alguna u otra manera trabajaron y contribuyeron para este logro\u201d.<br \/>\nConcluy\u00f3 puntualizando que las puertas de la UICSLP ofrecer\u00e1n la oportunidad de aprender una carrera a cientos de estudiantes egresados de bachillerato no solo de esta cabecera ya que vecinos municipios como Villa Ju\u00e1rez y Guadalc\u00e1zar ahora contar\u00e1n con la cercan\u00eda de una universidad \u00f3ptima y de gran calidad educativa.<br \/>\n\u201cEsta universidad ha generado profesionistas que est\u00e1n cambiando a Cerritos, que ponen su granito de arena para mejorar la sociedad, much\u00edsimas gracias a la UICSLP de la que formamos parte todos, much\u00edsimas gracias por haberme permitido formar parte de este gran proyecto\u201d.<br \/>\nPosteriormente la Dra. Aurora Ordu\u00f1a Correa hizo entrega de un reconocimiento a los presidentes municipales de Cerritos y Villa Ju\u00e1rez, a su vez ambos funcionarios reconocieron la labor de la rectora otorg\u00e1ndole respectivamente el reconocimiento del gobierno municipal.<br \/>\nUna vez concluido el protocolo de apertura se disfrut\u00f3 de la presentaci\u00f3n de un grupo de danza adem\u00e1s de la actuaci\u00f3n del grupo \u201cSentimiento Juvenil\u201d de Matlapa, San Luis Potos\u00ed.<br \/>\nLa Universidad Intercultural comenz\u00f3 actividades en el a\u00f1o 2003, atendiendo hasta la presente fecha a alumnos de Cerritos, Villa Ju\u00e1rez, Guadalc\u00e1zar, Villa Hidalgo, Rioverde y Tula, Tamaulipas. Actualmente se ofrecen las carreras de Licenciatura en Inform\u00e1tica Administrativa, Ingenier\u00eda Industrial, Derecho, Licenciatura en Administraci\u00f3n P\u00fablica Municipal y Licenciatura en Desarrollo Regional.<br \/>\nEn sus casi 12 a\u00f1os de servicio han salido alrededor de 16 generaciones, teniendo diferentes lugares de ubicaci\u00f3n, entre ellos la Escuela Secundaria General Manuel Jos\u00e9 Oth\u00f3n N\u00famero 10, La Zona Centro de Cerritos y el \u00e1rea de cultura de la Presidencia Municipal.<br \/>\nPersonal docente relat\u00f3 que se planea crecer la infraestructura con la construcci\u00f3n de un laboratorio de ingenier\u00eda industrial, talleres, \u00e1reas deportivas, auditorio, aulas y m\u00e1s.<br \/>\nEntre los invitados estuvieron presentes el C. Jos\u00e9 Ignacio Chavira Pineda Presidente del Municipio de Villa Ju\u00e1rez; Lic. Luis Manuel Figueroa V\u00e1zquez Director de Divisi\u00f3n de la Unidad Acad\u00e9mica Cerritos; Ing. Hugo C\u00e9sar Flores Palomo de la Subdirecci\u00f3n Acad\u00e9mica; Lic. Ma. De los \u00c1ngeles P\u00e9rez Eulogio de la Subdirecci\u00f3n Escolar; Lic. H\u00e9ctor Gonz\u00e1lez Picazo de la Subdirecci\u00f3n de Planeaci\u00f3n y Desarrollo; Lic. Sandra Paulina G\u00f3mez Puente de la Subdirecci\u00f3n Administrativa; Ra\u00fal Gonz\u00e1lez B\u00e1ez Secretario General del H. Ayuntamiento de Cerritos; Profr. Filiberto Guerrero Gonz\u00e1lez Primer Regidor y Silvia Rodr\u00edguez Mart\u00ednez, Tesorera Municipal entre otras autoridades.<\/p>\n","protected":false},"excerpt":{"rendered":"<p>Universitarios pertenecen a Cerritos, Villa Ju\u00e1rez, Guadalc\u00e1zar, Villa Hidalgo, Rioverde y Tula, Tamaulipas Redacci\u00f3n.- 160 alumnos inscritos iniciaron el ciclo escolar en las nuevas instalaciones de la Universidad Intercultural de&#8230;<\/p>\n","protected":false},"author":1,"featured_media":9165,"comment_status":"closed","ping_status":"open","sticky":false,"template":"","format":"standard","meta":{"footnotes":""},"categories":[3,483,486],"tags":[],"class_list":["post-9170","post","type-post","status-publish","format-standard","has-post-thumbnail","hentry","category-cerritos","category-cultura","category-educacion","entry","simple"],"_links":{"self":[{"href":"https:\/\/www.plurinominal.com.mx\/index.php?rest_route=\/wp\/v2\/posts\/9170","targetHints":{"allow":["GET"]}}],"collection":[{"href":"https:\/\/www.plurinominal.com.mx\/index.php?rest_route=\/wp\/v2\/posts"}],"about":[{"href":"https:\/\/www.plurinominal.com.mx\/index.php?rest_route=\/wp\/v2\/types\/post"}],"author":[{"embeddable":true,"href":"https:\/\/www.plurinominal.com.mx\/index.php?rest_route=\/wp\/v2\/users\/1"}],"replies":[{"embeddable":true,"href":"https:\/\/www.plurinominal.com.mx\/index.php?rest_route=%2Fwp%2Fv2%2Fcomments&post=9170"}],"version-history":[{"count":0,"href":"https:\/\/www.plurinominal.com.mx\/index.php?rest_route=\/wp\/v2\/posts\/9170\/revisions"}],"wp:featuredmedia":[{"embeddable":true,"href":"https:\/\/www.plurinominal.com.mx\/index.php?rest_route=\/wp\/v2\/media\/9165"}],"wp:attachment":[{"href":"https:\/\/www.plurinominal.com.mx\/index.php?rest_route=%2Fwp%2Fv2%2Fmedia&parent=9170"}],"wp:term":[{"taxonomy":"category","embeddable":true,"href":"https:\/\/www.plurinominal.com.mx\/index.php?rest_route=%2Fwp%2Fv2%2Fcategories&post=9170"},{"taxonomy":"post_tag","embeddable":true,"href":"https:\/\/www.plurinominal.com.mx\/index.php?rest_route=%2Fwp%2Fv2%2Ftags&post=9170"}],"curies":[{"name":"wp","href":"https:\/\/api.w.org\/{rel}","templated":true}]}}