{"id":925,"date":"2011-11-27T09:11:36","date_gmt":"2011-11-27T15:11:36","guid":{"rendered":"http:\/\/www.plurinominal.com.mx\/?p=925"},"modified":"2011-12-15T09:11:57","modified_gmt":"2011-12-15T15:11:57","slug":"caballo-suelto-causo-destrozos","status":"publish","type":"post","link":"https:\/\/www.plurinominal.com.mx\/?p=925","title":{"rendered":"Caballo suelto caus\u00f3 destrozos"},"content":{"rendered":"<p>Del equipo de redacci\u00f3n<br \/>\nUn caballo suelto en la localidad de Estaci\u00f3n Monta\u00f1a, realiz\u00f3 destrozos en ese lugar.<br \/>\nSobre los hechos fue el Juez Auxiliar, quien dio el aviso correspondiente a los cuerpos policiales, todo con el fin de que se responsabilizara al due\u00f1o del animal sobre los da\u00f1os.<br \/>\nEste s\u00e1bado 26 de noviembre a las 11:10 de la ma\u00f1ana, acudi\u00f3 a la comandancia el representante de los vecinos de Monta\u00f1a para manifestar que debido a los desmanes lugare\u00f1os hab\u00edan lazado al cuaco.<br \/>\nSolicit\u00f3 el Juez que los municipales acudieran a dar con el due\u00f1o para explicarle sobre lo ocurrido.<br \/>\nSe narr\u00f3 a los polic\u00edas que el caballo tra\u00eda consigo una marca parecida a una letra \u201cM\u201d.<br \/>\nAl propietario se le pedir\u00edan los gastos por \u201cel lazo, as\u00ed como los perjuicios que se causaron en terrenos de Francisco Ruelas S\u00e1nchez, de 32 a\u00f1os\u201d, quien vive en la misma comunidad.<\/p>\n","protected":false},"excerpt":{"rendered":"<p>Del equipo de redacci\u00f3n Un caballo suelto en la localidad de Estaci\u00f3n Monta\u00f1a, realiz\u00f3 destrozos en ese lugar. Sobre los hechos fue el Juez Auxiliar, quien dio el aviso correspondiente&#8230;<\/p>\n","protected":false},"author":1,"featured_media":0,"comment_status":"closed","ping_status":"open","sticky":false,"template":"","format":"standard","meta":{"footnotes":""},"categories":[3],"tags":[],"class_list":["post-925","post","type-post","status-publish","format-standard","hentry","category-cerritos","entry","simple"],"_links":{"self":[{"href":"https:\/\/www.plurinominal.com.mx\/index.php?rest_route=\/wp\/v2\/posts\/925","targetHints":{"allow":["GET"]}}],"collection":[{"href":"https:\/\/www.plurinominal.com.mx\/index.php?rest_route=\/wp\/v2\/posts"}],"about":[{"href":"https:\/\/www.plurinominal.com.mx\/index.php?rest_route=\/wp\/v2\/types\/post"}],"author":[{"embeddable":true,"href":"https:\/\/www.plurinominal.com.mx\/index.php?rest_route=\/wp\/v2\/users\/1"}],"replies":[{"embeddable":true,"href":"https:\/\/www.plurinominal.com.mx\/index.php?rest_route=%2Fwp%2Fv2%2Fcomments&post=925"}],"version-history":[{"count":0,"href":"https:\/\/www.plurinominal.com.mx\/index.php?rest_route=\/wp\/v2\/posts\/925\/revisions"}],"wp:attachment":[{"href":"https:\/\/www.plurinominal.com.mx\/index.php?rest_route=%2Fwp%2Fv2%2Fmedia&parent=925"}],"wp:term":[{"taxonomy":"category","embeddable":true,"href":"https:\/\/www.plurinominal.com.mx\/index.php?rest_route=%2Fwp%2Fv2%2Fcategories&post=925"},{"taxonomy":"post_tag","embeddable":true,"href":"https:\/\/www.plurinominal.com.mx\/index.php?rest_route=%2Fwp%2Fv2%2Ftags&post=925"}],"curies":[{"name":"wp","href":"https:\/\/api.w.org\/{rel}","templated":true}]}}