{"id":932,"date":"2011-11-29T09:16:31","date_gmt":"2011-11-29T15:16:31","guid":{"rendered":"http:\/\/www.plurinominal.com.mx\/?p=932"},"modified":"2011-12-15T09:16:54","modified_gmt":"2011-12-15T15:16:54","slug":"entregan-a-varon-de-17-anos-con-pariente","status":"publish","type":"post","link":"https:\/\/www.plurinominal.com.mx\/?p=932","title":{"rendered":"Entregan a var\u00f3n de 17 a\u00f1os con pariente"},"content":{"rendered":"<p>Fue llevado a barandilla por oficiales a bordo de la patrulla 07<\/p>\n<p>Del equipo de redacci\u00f3n<br \/>\nUn var\u00f3n de 17 a\u00f1os, fue llevado a barandilla luego de que la patrulla 07 regres\u00f3 de uno de sus recorridos con \u00e9ste a bordo.<br \/>\nEn el reloj se apreciaban apenas los primeros minutos de este domingo 27 de noviembre, cuando el velador de la Unidad avis\u00f3 que un grupo de sujetos alteraba el orden.<br \/>\nMandos policiales ordenaron a la patrulla que se dirigiera al lugar.<br \/>\nA las 00:38 horas, regres\u00f3 el veh\u00edculo oficial con una persona que dijo llamarse Jos\u00e9 Luis M\u00e9ndez Castillo, a quien le solicitaron datos para dar aviso a sus familiares.<br \/>\nJes\u00fas M\u00e9ndez Turrubiartes, de 31 a\u00f1os, de la calle D\u00edaz Mir\u00f3n n\u00famero 14, atendi\u00f3 el llamado, por eso a las 00:56 horas se hizo presente en la comandancia de Cerritos.<br \/>\nAll\u00ed el t\u00edo, luego de conocer sobre la amonestaci\u00f3n, prometi\u00f3 hacerse cargo del muchacho y llevarlo a casa de sus padres.<\/p>\n","protected":false},"excerpt":{"rendered":"<p>Fue llevado a barandilla por oficiales a bordo de la patrulla 07 Del equipo de redacci\u00f3n Un var\u00f3n de 17 a\u00f1os, fue llevado a barandilla luego de que la patrulla&#8230;<\/p>\n","protected":false},"author":1,"featured_media":0,"comment_status":"closed","ping_status":"open","sticky":false,"template":"","format":"standard","meta":{"footnotes":""},"categories":[3],"tags":[],"class_list":["post-932","post","type-post","status-publish","format-standard","hentry","category-cerritos","entry","simple"],"_links":{"self":[{"href":"https:\/\/www.plurinominal.com.mx\/index.php?rest_route=\/wp\/v2\/posts\/932","targetHints":{"allow":["GET"]}}],"collection":[{"href":"https:\/\/www.plurinominal.com.mx\/index.php?rest_route=\/wp\/v2\/posts"}],"about":[{"href":"https:\/\/www.plurinominal.com.mx\/index.php?rest_route=\/wp\/v2\/types\/post"}],"author":[{"embeddable":true,"href":"https:\/\/www.plurinominal.com.mx\/index.php?rest_route=\/wp\/v2\/users\/1"}],"replies":[{"embeddable":true,"href":"https:\/\/www.plurinominal.com.mx\/index.php?rest_route=%2Fwp%2Fv2%2Fcomments&post=932"}],"version-history":[{"count":0,"href":"https:\/\/www.plurinominal.com.mx\/index.php?rest_route=\/wp\/v2\/posts\/932\/revisions"}],"wp:attachment":[{"href":"https:\/\/www.plurinominal.com.mx\/index.php?rest_route=%2Fwp%2Fv2%2Fmedia&parent=932"}],"wp:term":[{"taxonomy":"category","embeddable":true,"href":"https:\/\/www.plurinominal.com.mx\/index.php?rest_route=%2Fwp%2Fv2%2Fcategories&post=932"},{"taxonomy":"post_tag","embeddable":true,"href":"https:\/\/www.plurinominal.com.mx\/index.php?rest_route=%2Fwp%2Fv2%2Ftags&post=932"}],"curies":[{"name":"wp","href":"https:\/\/api.w.org\/{rel}","templated":true}]}}