{"id":9326,"date":"2015-10-09T13:21:18","date_gmt":"2015-10-09T18:21:18","guid":{"rendered":"http:\/\/www.plurinominal.com.mx\/?p=9326"},"modified":"2015-10-12T13:23:10","modified_gmt":"2015-10-12T18:23:10","slug":"padres-de-familia-mejoran-fachada-de-secundaria-10","status":"publish","type":"post","link":"https:\/\/www.plurinominal.com.mx\/?p=9326","title":{"rendered":"Padres de familia mejoran fachada de Secundaria 10"},"content":{"rendered":"<ul>\n<li>Iniciaron labor social frente a instituci\u00f3n federal<\/li>\n<\/ul>\n<p style=\"text-align: justify;\"><em>Julio C. Dimas.-<\/em> Labor de padres de familia se mir\u00f3 reflejada en favor de la Secundaria Federal Manuel Jos\u00e9 Oth\u00f3n.<br \/>\nUn acto considerado ejemplar fue observable la ma\u00f1ana del jueves 8 de octubre.<br \/>\nDesde las 10:00 AM, empezaron las acciones frente a la fachada escolar.<br \/>\nEl maestro Jos\u00e9 Luis Galv\u00e1n Mart\u00ednez dijo a Plurinominal que esta acci\u00f3n social tiene por objetivo la mejor\u00eda de la imagen de entrada.<br \/>\nLas personas llevaron a cabo labores de limpieza y pintura sobre el acceso principal de la instituci\u00f3n local que m\u00e1s alumnos alberga en este nivel b\u00e1sico de escolaridad.<br \/>\nSe\u00f1oras y se\u00f1ores trabajaron en la higiene de maceteros, bardeado del frente y costados y se dieron la tarea de pintar el barandal.<br \/>\nExplic\u00f3 una participante que las mejoras ya eran necesarias pues el espacio presentaba desgaste, pas\u00f3 el tiempo y nadie se preocup\u00f3 por mejorar el aspecto.<br \/>\nM\u00e1s personas podr\u00e1n sumarse a las actividades, pues los padres de familia indicaron que la escuela donde sus hijos estudian requiere de un aspecto \u00f3ptimo y el gobierno federal se ha visto imposibilitado para hacerlo todo.<\/p>\n","protected":false},"excerpt":{"rendered":"<p>Iniciaron labor social frente a instituci\u00f3n federal Julio C. Dimas.- Labor de padres de familia se mir\u00f3 reflejada en favor de la Secundaria Federal Manuel Jos\u00e9 Oth\u00f3n. Un acto considerado&#8230;<\/p>\n","protected":false},"author":1,"featured_media":0,"comment_status":"closed","ping_status":"open","sticky":false,"template":"","format":"standard","meta":{"footnotes":""},"categories":[3,486],"tags":[],"class_list":["post-9326","post","type-post","status-publish","format-standard","hentry","category-cerritos","category-educacion","entry","simple"],"_links":{"self":[{"href":"https:\/\/www.plurinominal.com.mx\/index.php?rest_route=\/wp\/v2\/posts\/9326","targetHints":{"allow":["GET"]}}],"collection":[{"href":"https:\/\/www.plurinominal.com.mx\/index.php?rest_route=\/wp\/v2\/posts"}],"about":[{"href":"https:\/\/www.plurinominal.com.mx\/index.php?rest_route=\/wp\/v2\/types\/post"}],"author":[{"embeddable":true,"href":"https:\/\/www.plurinominal.com.mx\/index.php?rest_route=\/wp\/v2\/users\/1"}],"replies":[{"embeddable":true,"href":"https:\/\/www.plurinominal.com.mx\/index.php?rest_route=%2Fwp%2Fv2%2Fcomments&post=9326"}],"version-history":[{"count":0,"href":"https:\/\/www.plurinominal.com.mx\/index.php?rest_route=\/wp\/v2\/posts\/9326\/revisions"}],"wp:attachment":[{"href":"https:\/\/www.plurinominal.com.mx\/index.php?rest_route=%2Fwp%2Fv2%2Fmedia&parent=9326"}],"wp:term":[{"taxonomy":"category","embeddable":true,"href":"https:\/\/www.plurinominal.com.mx\/index.php?rest_route=%2Fwp%2Fv2%2Fcategories&post=9326"},{"taxonomy":"post_tag","embeddable":true,"href":"https:\/\/www.plurinominal.com.mx\/index.php?rest_route=%2Fwp%2Fv2%2Ftags&post=9326"}],"curies":[{"name":"wp","href":"https:\/\/api.w.org\/{rel}","templated":true}]}}