{"id":9370,"date":"2015-10-26T10:29:08","date_gmt":"2015-10-26T16:29:08","guid":{"rendered":"http:\/\/www.plurinominal.com.mx\/?p=9370"},"modified":"2015-10-26T10:31:36","modified_gmt":"2015-10-26T16:31:36","slug":"con-evento-deportivo-concluye-festejo-de-telesecundaria-heroes-potosinos","status":"publish","type":"post","link":"https:\/\/www.plurinominal.com.mx\/?p=9370","title":{"rendered":"Con evento deportivo concluye festejo de telesecundaria H\u00e9roes Potosinos"},"content":{"rendered":"<ul>\n<li>Instituci\u00f3n celebr\u00f3 XXXI Aniversario<\/li>\n<\/ul>\n<p style=\"text-align: justify;\"><em>Francisco Valero de la Cruz<\/em><br \/>\nPara concluir los festejos del 31 aniversario de la escuela telesecundaria H\u00e9roes Potosinos se realiz\u00f3 un evento deportivo en La Gallera.<br \/>\nLa jornada deportiva inici\u00f3 con una carrera atl\u00e9tica que parti\u00f3 del frente de la Presidencia Municipal y tuvo como meta el campo deportivo Manuel Galv\u00e1n.<br \/>\nEste fin de semana los corredores se congregaron a las nueve de la ma\u00f1ana frente a presidencia, de all\u00ed se dio el silbatazo de salida estando el Presidente Municipal Jos\u00e9 Alfredo Sauceda Loredo, el Secretario General del Ayuntamiento Jos\u00e9 Gildardo Nieto Meza y el Supervisor de la zona 38 de telesecundarias, Profesor F\u00e9lix Guerrero Terrones.<br \/>\nDespu\u00e9s de la carrera atl\u00e9tica se realiz\u00f3 el acto inaugural del evento, iniciando con honores a la bandera a cargo de la escolta y banda de guerra de la escuela festejada.<br \/>\nEl pres\u00eddium estuvo compuesto por el Presidente Municipal, el Secretario del Ayuntamiento, el Jefe del sector V de telesecundarias Profesor J. Arturo Anaya S\u00e1nchez, el Supervisor de la zona 38 Profesor F\u00e9lix Guerrero Terrones, la Profesora Mar\u00eda Cleotilde Acu\u00f1a Rodr\u00edguez, directora de la escuela \u00abH\u00e9roes Potosinos\u00bb, el Profesor Joel Garc\u00eda G\u00e1mez, Asesor T\u00e9cnico del sector y los directores de las escuelas telesecundarias.<br \/>\nCleotilde Acu\u00f1a dio la bienvenida a los alumnos participantes. El Profesor F\u00e9lix Garc\u00eda Terrones inaugur\u00f3 el evento y al jefe del sector correspondi\u00f3 el saque inicial.<br \/>\nLuego se premi\u00f3 a los ganadores de la carrera atl\u00e9tica. En la rama varonil el tercer lugar fue para F\u00e1tima Castillo de la escuela telesecundaria de Mezquites Chicos; el segundo lugar lo obtuvo Mar\u00eda Fernanda Gallardo, de la escuela H\u00e9roes Potosinos. El primer lugar correspondi\u00f3 a la reconocida atleta Johana Flores Guzm\u00e1n tambi\u00e9n de la telesecundaria de esta cabecera municipal.<br \/>\nEn la rama varonil el tercer lugar fue para Edgar V\u00e1zquez Colchado de la instituci\u00f3n festejada, el segundo lugar lo obtuvo Erik Cuevas Gallardo de la telesecundaria de El Tepetate. El primer lugar lo obtuvo V\u00edctor Manuel Pesina Rodr\u00edguez de la escuela de Cerros Blancos.<br \/>\nLos juegos de b\u00e1squetbol, voleibol y f\u00fatbol se desarrollaron despu\u00e9s de las 10:00 de la ma\u00f1ana y concluyeron cerca de las 19:00 horas del viernes, levant\u00e1ndose la escuela anfitriona con el triunfo en todos los deportes tanto en la rama varonil como en la femenil.<br \/>\nEl alumno Amparo Guadalupe Garc\u00eda Hern\u00e1ndez festej\u00f3 sus 14 a\u00f1os de edad, para ello sus familiares llevaron pastel y refrescos a La Gallera, los cuales comparti\u00f3 con sus compa\u00f1eros de la telesecundaria L\u00e1zaro C\u00e1rdenas de El Sa\u00faz.<\/p>\n","protected":false},"excerpt":{"rendered":"<p>Instituci\u00f3n celebr\u00f3 XXXI Aniversario Francisco Valero de la Cruz Para concluir los festejos del 31 aniversario de la escuela telesecundaria H\u00e9roes Potosinos se realiz\u00f3 un evento deportivo en La Gallera.&#8230;<\/p>\n","protected":false},"author":1,"featured_media":9364,"comment_status":"closed","ping_status":"open","sticky":false,"template":"","format":"standard","meta":{"footnotes":""},"categories":[3,483,486],"tags":[],"class_list":["post-9370","post","type-post","status-publish","format-standard","has-post-thumbnail","hentry","category-cerritos","category-cultura","category-educacion","entry","simple"],"_links":{"self":[{"href":"https:\/\/www.plurinominal.com.mx\/index.php?rest_route=\/wp\/v2\/posts\/9370","targetHints":{"allow":["GET"]}}],"collection":[{"href":"https:\/\/www.plurinominal.com.mx\/index.php?rest_route=\/wp\/v2\/posts"}],"about":[{"href":"https:\/\/www.plurinominal.com.mx\/index.php?rest_route=\/wp\/v2\/types\/post"}],"author":[{"embeddable":true,"href":"https:\/\/www.plurinominal.com.mx\/index.php?rest_route=\/wp\/v2\/users\/1"}],"replies":[{"embeddable":true,"href":"https:\/\/www.plurinominal.com.mx\/index.php?rest_route=%2Fwp%2Fv2%2Fcomments&post=9370"}],"version-history":[{"count":0,"href":"https:\/\/www.plurinominal.com.mx\/index.php?rest_route=\/wp\/v2\/posts\/9370\/revisions"}],"wp:featuredmedia":[{"embeddable":true,"href":"https:\/\/www.plurinominal.com.mx\/index.php?rest_route=\/wp\/v2\/media\/9364"}],"wp:attachment":[{"href":"https:\/\/www.plurinominal.com.mx\/index.php?rest_route=%2Fwp%2Fv2%2Fmedia&parent=9370"}],"wp:term":[{"taxonomy":"category","embeddable":true,"href":"https:\/\/www.plurinominal.com.mx\/index.php?rest_route=%2Fwp%2Fv2%2Fcategories&post=9370"},{"taxonomy":"post_tag","embeddable":true,"href":"https:\/\/www.plurinominal.com.mx\/index.php?rest_route=%2Fwp%2Fv2%2Ftags&post=9370"}],"curies":[{"name":"wp","href":"https:\/\/api.w.org\/{rel}","templated":true}]}}