{"id":938,"date":"2011-11-28T09:18:28","date_gmt":"2011-11-28T15:18:28","guid":{"rendered":"http:\/\/www.plurinominal.com.mx\/?p=938"},"modified":"2011-12-15T09:18:56","modified_gmt":"2011-12-15T15:18:56","slug":"sigue-aumentando-el-numero-de-accidentes","status":"publish","type":"post","link":"https:\/\/www.plurinominal.com.mx\/?p=938","title":{"rendered":"Sigue aumentando el n\u00famero de accidentes"},"content":{"rendered":"<p>Ahora le toc\u00f3 a maestra<\/p>\n<p>Antonio \u00c1.<br \/>\nMaestra de la capital potosina sufri\u00f3 un accidente al dirigirse de regres\u00f3 a su casa el viernes 25 de noviembre, partiendo de nuestro municipio. No se sabe con exactitud si celebr\u00f3 una reuni\u00f3n con maestros o da clases en alguna escuela, por el momento solamente se ha confirmado que es conocida como Am\u00e9rica Azucena Rodr\u00edguez Vel\u00e1zquez, que tiene 37 a\u00f1os cumplidos y actualmente radica en la calle Pasaje Colores No. 222, Colonia Himno Nacional, en la capital de nuestro estado.<br \/>\nPor parte de la polic\u00eda del municipio se logr\u00f3 conocer que la profesionista sufri\u00f3 el accidente en la fecha se\u00f1alada en anteriores l\u00edneas, a las 14:55, sobre el tramo de Estaci\u00f3n Villar a la entrada a Silos, Villa Hidalgo, de la carretera estatal. Fue en este sitio donde no pudo controlar su autom\u00f3vil marca Dodge, de modelo 2011, color blanco, debido a que otra camioneta le hizo perder el control al cerr\u00e1rsele en la carretera.<br \/>\nSu carro qued\u00f3 accidentado al lado del camino y al llegar los polic\u00edas a\u00fan la encontraron sobre el veh\u00edculo, pero sin se\u00f1ales de haber sufrido lesiones de gravedad.<\/p>\n","protected":false},"excerpt":{"rendered":"<p>Ahora le toc\u00f3 a maestra Antonio \u00c1. Maestra de la capital potosina sufri\u00f3 un accidente al dirigirse de regres\u00f3 a su casa el viernes 25 de noviembre, partiendo de nuestro&#8230;<\/p>\n","protected":false},"author":1,"featured_media":0,"comment_status":"closed","ping_status":"open","sticky":false,"template":"","format":"standard","meta":{"footnotes":""},"categories":[3],"tags":[454],"class_list":["post-938","post","type-post","status-publish","format-standard","hentry","category-cerritos","tag-america-azucena-rodriguez-velazquez","entry","simple"],"_links":{"self":[{"href":"https:\/\/www.plurinominal.com.mx\/index.php?rest_route=\/wp\/v2\/posts\/938","targetHints":{"allow":["GET"]}}],"collection":[{"href":"https:\/\/www.plurinominal.com.mx\/index.php?rest_route=\/wp\/v2\/posts"}],"about":[{"href":"https:\/\/www.plurinominal.com.mx\/index.php?rest_route=\/wp\/v2\/types\/post"}],"author":[{"embeddable":true,"href":"https:\/\/www.plurinominal.com.mx\/index.php?rest_route=\/wp\/v2\/users\/1"}],"replies":[{"embeddable":true,"href":"https:\/\/www.plurinominal.com.mx\/index.php?rest_route=%2Fwp%2Fv2%2Fcomments&post=938"}],"version-history":[{"count":0,"href":"https:\/\/www.plurinominal.com.mx\/index.php?rest_route=\/wp\/v2\/posts\/938\/revisions"}],"wp:attachment":[{"href":"https:\/\/www.plurinominal.com.mx\/index.php?rest_route=%2Fwp%2Fv2%2Fmedia&parent=938"}],"wp:term":[{"taxonomy":"category","embeddable":true,"href":"https:\/\/www.plurinominal.com.mx\/index.php?rest_route=%2Fwp%2Fv2%2Fcategories&post=938"},{"taxonomy":"post_tag","embeddable":true,"href":"https:\/\/www.plurinominal.com.mx\/index.php?rest_route=%2Fwp%2Fv2%2Ftags&post=938"}],"curies":[{"name":"wp","href":"https:\/\/api.w.org\/{rel}","templated":true}]}}