{"id":9437,"date":"2016-01-25T18:23:47","date_gmt":"2016-01-26T00:23:47","guid":{"rendered":"http:\/\/www.plurinominal.com.mx\/?p=9437"},"modified":"2016-01-26T10:41:38","modified_gmt":"2016-01-26T16:41:38","slug":"salgan-ratas-de-alcantarilla-gritaron-manifestantes-en-presidencia-de-guadalcazar","status":"publish","type":"post","link":"https:\/\/www.plurinominal.com.mx\/?p=9437","title":{"rendered":"\u201cSalgan ratas de alcantarilla\u201d, gritaron manifestantes en presidencia de Guadalc\u00e1zar"},"content":{"rendered":"<ul>\n<li><strong>Est\u00e1n hartos del gobierno pri\u00edsta, \u201csiempre son los mismos\u201d, reclaman<\/strong><\/li>\n<\/ul>\n<p style=\"text-align: justify;\"><em>Marco Serna.-<\/em> Manifestantes que ya est\u00e1n hartos del gobierno municipal de Guadalc\u00e1zar, llegaron este lunes 25 de enero al palacio municipal donde nadie pudo hacer nada para evitar la protesta.<br \/>\n\u201cSalgan de la ratonera\u201d; \u201cRateros, nom\u00e1s est\u00e1n buenos pa robar\u201d, \u201cno te escondas cobarde, da la cara\u201d\u2026 fueron algunos gritos que se escucharon por el grupo que se calcula en algunas 200 personas que dijeron a Plurinominal, no van a dejar que sigan desfalcando dinero \u201clas mismas ratas de siempre\u201d.<br \/>\nPasaba mediod\u00eda cuando se not\u00f3 movimiento en la cabecera, entre la multitud iba Marcelo P\u00e9rez Mart\u00ednez, un l\u00edder social que la gente quiere mucho porque ha demostrado que s\u00ed luchar\u00e1 por el bien de la gente pobre, y que hizo historia porque obtuvo el margen m\u00e1s corto que un candidato haya logrado en las elecciones, adem\u00e1s el hombre demostr\u00f3 madurez al no organizar ning\u00fan acto de protesta a pesar de que se dijo, el resultado estuvo manchado por actos turbios.<br \/>\nEl grupo de inconformes se meti\u00f3 al palacio y subi\u00f3 las escaleras, exig\u00edan hablar con el presidente, \u201cporque nunca est\u00e1\u201d, luego tomaron la palabra representantes de distintas comunidades, quienes reclamaban por la falta de promesas que el gobierno del PRI no ha cumplido y que van desde arreglo de caminos, falta de agua potable, drenaje y falta de apoyos.<br \/>\n\u201cDa la cara cobarde\u201d, gritaban, y en la puerta de la oficina principal hab\u00eda integrantes del cuerpo policiaco que se miraban nerviosos al igual que personal de presidencia y de Cabildo.<br \/>\nFrente al p\u00fablico una persona explic\u00f3 que \u201csi el pasado gobierno rob\u00f3, siendo un ignorante, \u00bfqu\u00e9 podemos esperar de este que es Ingeniero?, luego una mujer de Pozas de Santa Ana dijo que \u201cdesde tiempos del profe \u00d3scar\u201d les prometieron arreglos de caminos, luego la pl\u00e1tica volv\u00eda a ser interrumpida por el grito de \u201csal rata de alcantarilla\u201d.<br \/>\nAs\u00ed se fueron turnando la palabra entre varios y aunque parec\u00eda que se meter\u00edan a sacar del escondite al alcalde, el grupo se movi\u00f3 frente a presidencia donde por un momento continuaron gritando desde afuera.<br \/>\nPlurinominal conoci\u00f3 de este movimiento desde antes que ocurriera, y ahora se inform\u00f3 que el grupo no descansar\u00e1 hasta echar del ayuntamiento a los que se han enriquecida a costa de la gente que menos tiene.<br \/>\nPara cerca de las 2:30 PM, j\u00f3venes, ni\u00f1os y adultos se retiraron de la cabecera. Hubo qui\u00e9nes los felicitaron por la valent\u00eda, pues saben que esta podr\u00eda ser la \u00faltima administraci\u00f3n ininterrumpida del grupo de pri\u00edstas que se apoder\u00f3 de la presidencia durante d\u00e9cadas. \u00abHaremos historia\u00bb, dijo un se\u00f1or de Pozas.<\/p>\n","protected":false},"excerpt":{"rendered":"<p>Est\u00e1n hartos del gobierno pri\u00edsta, \u201csiempre son los mismos\u201d, reclaman Marco Serna.- Manifestantes que ya est\u00e1n hartos del gobierno municipal de Guadalc\u00e1zar, llegaron este lunes 25 de enero al palacio&#8230;<\/p>\n","protected":false},"author":1,"featured_media":9442,"comment_status":"closed","ping_status":"open","sticky":false,"template":"","format":"standard","meta":{"footnotes":""},"categories":[6],"tags":[],"class_list":["post-9437","post","type-post","status-publish","format-standard","has-post-thumbnail","hentry","category-guadalcazar","entry","simple"],"_links":{"self":[{"href":"https:\/\/www.plurinominal.com.mx\/index.php?rest_route=\/wp\/v2\/posts\/9437","targetHints":{"allow":["GET"]}}],"collection":[{"href":"https:\/\/www.plurinominal.com.mx\/index.php?rest_route=\/wp\/v2\/posts"}],"about":[{"href":"https:\/\/www.plurinominal.com.mx\/index.php?rest_route=\/wp\/v2\/types\/post"}],"author":[{"embeddable":true,"href":"https:\/\/www.plurinominal.com.mx\/index.php?rest_route=\/wp\/v2\/users\/1"}],"replies":[{"embeddable":true,"href":"https:\/\/www.plurinominal.com.mx\/index.php?rest_route=%2Fwp%2Fv2%2Fcomments&post=9437"}],"version-history":[{"count":0,"href":"https:\/\/www.plurinominal.com.mx\/index.php?rest_route=\/wp\/v2\/posts\/9437\/revisions"}],"wp:featuredmedia":[{"embeddable":true,"href":"https:\/\/www.plurinominal.com.mx\/index.php?rest_route=\/wp\/v2\/media\/9442"}],"wp:attachment":[{"href":"https:\/\/www.plurinominal.com.mx\/index.php?rest_route=%2Fwp%2Fv2%2Fmedia&parent=9437"}],"wp:term":[{"taxonomy":"category","embeddable":true,"href":"https:\/\/www.plurinominal.com.mx\/index.php?rest_route=%2Fwp%2Fv2%2Fcategories&post=9437"},{"taxonomy":"post_tag","embeddable":true,"href":"https:\/\/www.plurinominal.com.mx\/index.php?rest_route=%2Fwp%2Fv2%2Ftags&post=9437"}],"curies":[{"name":"wp","href":"https:\/\/api.w.org\/{rel}","templated":true}]}}