{"id":944,"date":"2011-12-13T13:03:03","date_gmt":"2011-12-13T19:03:03","guid":{"rendered":"http:\/\/www.plurinominal.com.mx\/?p=944"},"modified":"2011-12-18T13:03:38","modified_gmt":"2011-12-18T19:03:38","slug":"%e2%80%9ccamioneta-roja%e2%80%9d-estaba-en-reparacion","status":"publish","type":"post","link":"https:\/\/www.plurinominal.com.mx\/?p=944","title":{"rendered":"\u201cCamioneta roja\u201d estaba en reparaci\u00f3n"},"content":{"rendered":"<p>Funcionarios del H. Ayuntamiento desmienten versiones de embargo<\/p>\n<p>Ma. del Carmen V.<br \/>\nFuncionarios del Ayuntamiento desmintieron ante este medio versiones sobre el supuesto embargo de la camioneta que tiene a su cargo el Presidente Municipal.<br \/>\n\u00c9sta se encuentra en un taller de hojalater\u00eda, d\u00f3nde se le hacen reparaciones.<br \/>\nPorque se ha visto al Presidente conducir la camioneta Dakota gris, \u2014adquirida por la anterior Administraci\u00f3n Municipal para la Direcci\u00f3n de Seguridad P\u00fablica Municipal\u2014 han surgido versiones m\u00faltiples.<br \/>\n\u201cA Erasmo lo dejaron a pie\u201d, \u201cla camioneta fue embargada por un laudo laboral\u00bb\u2026 son algunas expresiones.<br \/>\nSe mencion\u00f3 tambi\u00e9n que el veh\u00edculo hab\u00eda sido se\u00f1alado por Nicol\u00e1s Barr\u00f3n como garant\u00eda del pago \u2014pues se lleva a cabo un juicio por despido injustificado en contra del Ayuntamiento\u2014, pero lo mismo se dijo en relaci\u00f3n al asunto de Gabino Reyes.<br \/>\nLa mayor parte de los comentarios provinieron de ex trabajadores municipales que fueron despedidos y que han entablado juicios laborales.<br \/>\nFuncionarios desmintieron ante Plurinominal las versiones y manifestaron que la camioneta roja, marca Toyota, \u201cse encuentra en reparaci\u00f3n en la ciudad de San Luis Potos\u00ed\u201d.<br \/>\nSe sabe poco sobre los da\u00f1os del veh\u00edculo rojo de modelo reciente.<br \/>\nAl parecer el edil se desplazaba hacia la ciudad de San Luis cuando fue impactado, pero no se ha dicho si el accidente ocurri\u00f3 dentro de la mancha urbana de la capital o en la carretera.<br \/>\nErasmo Galv\u00e1n Nieto, s\u00f3lo comunic\u00f3 a integrantes de su equipo de trabajo que la camioneta resinti\u00f3 un fuerte golpe en la caja, incluso se rompi\u00f3 una calavera trasera.<br \/>\nDe inmediato se dio aviso al seguro y \u00e9ste se har\u00eda cargo de la reparaci\u00f3n.<br \/>\nSe ha asegurado que a estas fechas, la camioneta ya fue reparada, pero no se saben m\u00e1s detalles sobre el accidente.<\/p>\n","protected":false},"excerpt":{"rendered":"<p>Funcionarios del H. Ayuntamiento desmienten versiones de embargo Ma. del Carmen V. Funcionarios del Ayuntamiento desmintieron ante este medio versiones sobre el supuesto embargo de la camioneta que tiene a&#8230;<\/p>\n","protected":false},"author":1,"featured_media":0,"comment_status":"closed","ping_status":"open","sticky":false,"template":"","format":"standard","meta":{"footnotes":""},"categories":[3],"tags":[],"class_list":["post-944","post","type-post","status-publish","format-standard","hentry","category-cerritos","entry","simple"],"_links":{"self":[{"href":"https:\/\/www.plurinominal.com.mx\/index.php?rest_route=\/wp\/v2\/posts\/944","targetHints":{"allow":["GET"]}}],"collection":[{"href":"https:\/\/www.plurinominal.com.mx\/index.php?rest_route=\/wp\/v2\/posts"}],"about":[{"href":"https:\/\/www.plurinominal.com.mx\/index.php?rest_route=\/wp\/v2\/types\/post"}],"author":[{"embeddable":true,"href":"https:\/\/www.plurinominal.com.mx\/index.php?rest_route=\/wp\/v2\/users\/1"}],"replies":[{"embeddable":true,"href":"https:\/\/www.plurinominal.com.mx\/index.php?rest_route=%2Fwp%2Fv2%2Fcomments&post=944"}],"version-history":[{"count":0,"href":"https:\/\/www.plurinominal.com.mx\/index.php?rest_route=\/wp\/v2\/posts\/944\/revisions"}],"wp:attachment":[{"href":"https:\/\/www.plurinominal.com.mx\/index.php?rest_route=%2Fwp%2Fv2%2Fmedia&parent=944"}],"wp:term":[{"taxonomy":"category","embeddable":true,"href":"https:\/\/www.plurinominal.com.mx\/index.php?rest_route=%2Fwp%2Fv2%2Fcategories&post=944"},{"taxonomy":"post_tag","embeddable":true,"href":"https:\/\/www.plurinominal.com.mx\/index.php?rest_route=%2Fwp%2Fv2%2Ftags&post=944"}],"curies":[{"name":"wp","href":"https:\/\/api.w.org\/{rel}","templated":true}]}}