{"id":9450,"date":"2016-01-26T11:52:24","date_gmt":"2016-01-26T17:52:24","guid":{"rendered":"http:\/\/www.plurinominal.com.mx\/?p=9450"},"modified":"2016-01-26T11:52:24","modified_gmt":"2016-01-26T17:52:24","slug":"si-no-ayudan-no-estorben-piden-villahidalguenses","status":"publish","type":"post","link":"https:\/\/www.plurinominal.com.mx\/?p=9450","title":{"rendered":"\u201cSi no ayudan, no estorben\u201d, piden villahidalguenses"},"content":{"rendered":"<ul>\n<li>\u201cQue alcen la mano aquellos que deseen organizar las actividades parroquiales\u201d, responden a cr\u00edticos<\/li>\n<\/ul>\n<p style=\"text-align: justify;\"><em>Marco Serna.-<\/em> Son cr\u00edticas tendenciosas las que citan personas de Villa Hidalgo contra quienes en a\u00f1os, se han visto involucrados en las distintas actividades religiosas del municipio. Aurelio Bustos Mel\u00e9ndez recibi\u00f3 su parte, porque al creer que colabora para este impreso de manera formal (lo que no es verdad), la gente se le ech\u00f3 encima, como si \u00e9l hubiera sido quien proporcion\u00f3 la inconformidad. El fot\u00f3grafo indic\u00f3 que las declaraciones son malintencionadas; puesto que en muchos a\u00f1os, nadie m\u00e1s levanta la mano&#8230; \u201clas personas que andan al frente son las que siempre han ayudado\u201d, dijo, \u201cpero esos criticones, si no ayudan que tampoco estorben\u201d . Bustos manifest\u00f3 que toda la comunidad espera que a la familia Rosales, as\u00ed como a los que tambi\u00e9n contribuyen en las actividades, Dios los llene de bendiciones, salud, prosperidad, amor y larga vida\u201d . A\u00f1adi\u00f3 que C\u00e9sar, Beto y M\u00e1ximo, de apellido Rosales, \u201csiempre se portan bien\u201d , y se organizan para convivir con el pueblo. A ellos no les interesa dejar de atender sus negocios. \u201cAportan dinero que otra gente no da, por eso a ellos les rinde, hay gente que opina y critica, y al \u00faltimo manifiestan desacuerdos y la mera verdad no son justos, \u00bfpor qu\u00e9 no dejar a la gente que siempre apoya y ayuda?, declar\u00f3. \u201cA ellos les gusta compartir; convivir con la gente \u00bfpor qu\u00e9 les quieren quitar ese deseo?; si hay alg\u00fan valiente, que se manifieste, pero que no haga esas cosas de echarle tierra a los dem\u00e1s\u201d, finaliz\u00f3 don Aurelio.<\/p>\n","protected":false},"excerpt":{"rendered":"<p>\u201cQue alcen la mano aquellos que deseen organizar las actividades parroquiales\u201d, responden a cr\u00edticos Marco Serna.- Son cr\u00edticas tendenciosas las que citan personas de Villa Hidalgo contra quienes en a\u00f1os,&#8230;<\/p>\n","protected":false},"author":1,"featured_media":0,"comment_status":"closed","ping_status":"open","sticky":false,"template":"","format":"standard","meta":{"footnotes":""},"categories":[482],"tags":[],"class_list":["post-9450","post","type-post","status-publish","format-standard","hentry","category-villa-hidalgo","entry","simple"],"_links":{"self":[{"href":"https:\/\/www.plurinominal.com.mx\/index.php?rest_route=\/wp\/v2\/posts\/9450","targetHints":{"allow":["GET"]}}],"collection":[{"href":"https:\/\/www.plurinominal.com.mx\/index.php?rest_route=\/wp\/v2\/posts"}],"about":[{"href":"https:\/\/www.plurinominal.com.mx\/index.php?rest_route=\/wp\/v2\/types\/post"}],"author":[{"embeddable":true,"href":"https:\/\/www.plurinominal.com.mx\/index.php?rest_route=\/wp\/v2\/users\/1"}],"replies":[{"embeddable":true,"href":"https:\/\/www.plurinominal.com.mx\/index.php?rest_route=%2Fwp%2Fv2%2Fcomments&post=9450"}],"version-history":[{"count":0,"href":"https:\/\/www.plurinominal.com.mx\/index.php?rest_route=\/wp\/v2\/posts\/9450\/revisions"}],"wp:attachment":[{"href":"https:\/\/www.plurinominal.com.mx\/index.php?rest_route=%2Fwp%2Fv2%2Fmedia&parent=9450"}],"wp:term":[{"taxonomy":"category","embeddable":true,"href":"https:\/\/www.plurinominal.com.mx\/index.php?rest_route=%2Fwp%2Fv2%2Fcategories&post=9450"},{"taxonomy":"post_tag","embeddable":true,"href":"https:\/\/www.plurinominal.com.mx\/index.php?rest_route=%2Fwp%2Fv2%2Ftags&post=9450"}],"curies":[{"name":"wp","href":"https:\/\/api.w.org\/{rel}","templated":true}]}}