{"id":9455,"date":"2016-01-26T11:57:02","date_gmt":"2016-01-26T17:57:02","guid":{"rendered":"http:\/\/www.plurinominal.com.mx\/?p=9455"},"modified":"2016-01-26T11:57:29","modified_gmt":"2016-01-26T17:57:29","slug":"famosos-del-bravo-elogian-a-buenavista","status":"publish","type":"post","link":"https:\/\/www.plurinominal.com.mx\/?p=9455","title":{"rendered":"Famosos del Bravo elogian a Buenavista"},"content":{"rendered":"<ul>\n<li>Interpretan m\u00faltiples temas para la comunidad y su gente<\/li>\n<\/ul>\n<p style=\"text-align: justify;\"><em>Jos\u00e9 \u00c1ngel Mtz.-<\/em> <em>\u201cSe\u00f1ores tengo permiso pa cantarles un corrido; pongan atenci\u00f3n se\u00f1ores, es muy cierto lo que digo, mataron a Jes\u00fas P\u00e9rez as\u00ed lo quiso el destino; a\u00f1o del 99 el mes de julio corr\u00eda, eso pas\u00f3 all\u00e1 en Tijuana, c\u00f3mo olvidar ese d\u00eda, alguien le avis\u00f3 a sus padres que Jes\u00fas P\u00e9rez mor\u00eda\u201d &#8230;<\/em> As\u00ed comienza el corrido de Jes\u00fas P\u00e9rez Medina que interpretan los Famosos del Bravo, y que circula en la plataforma de YouTube. No es la letra lo que llama la atenci\u00f3n,<br \/>\nsino que el conjunto que se ha vuelto popular en San Luis Potos\u00ed ha dedicado m\u00e1s canciones en honor a esa gente de Guadalc\u00e1zar . Famosos del Bravo se integra por paisanos que se fueron a vivir al estado de Texas, de all\u00e1 vienen para esta zona cada que es temporada de vacaciones, entonces agarran una gira por la zona media y el altiplano gracias a contratos que consiguen con empresarios locales. En el canal de videos m\u00e1s popular del mundo e internet tambi\u00e9n se exhibe<br \/>\n\u201cEl Corrido de Panchol\u00edn de Buenavista\u201d , y la misma comunidad de Guadalc\u00e1zar , goza del \u201cCorrido a Buenavista\u201d , interpretado tambi\u00e9n por Los Famosos. Una de las cualidades de este grupo norte\u00f1o, cuyo estilo deriva de los Cadetes de Linares, es que alg\u00fan tiempo la bater\u00eda era tocada por una bella jovencita, su edad era mucho menor que la de los dem\u00e1s int\u00e9rpretes. El equipo tambi\u00e9n se ha integrado por gente de Cerritos.<\/p>\n","protected":false},"excerpt":{"rendered":"<p>Interpretan m\u00faltiples temas para la comunidad y su gente Jos\u00e9 \u00c1ngel Mtz.- \u201cSe\u00f1ores tengo permiso pa cantarles un corrido; pongan atenci\u00f3n se\u00f1ores, es muy cierto lo que digo, mataron a&#8230;<\/p>\n","protected":false},"author":1,"featured_media":0,"comment_status":"closed","ping_status":"open","sticky":false,"template":"","format":"standard","meta":{"footnotes":""},"categories":[6],"tags":[],"class_list":["post-9455","post","type-post","status-publish","format-standard","hentry","category-guadalcazar","entry","simple"],"_links":{"self":[{"href":"https:\/\/www.plurinominal.com.mx\/index.php?rest_route=\/wp\/v2\/posts\/9455","targetHints":{"allow":["GET"]}}],"collection":[{"href":"https:\/\/www.plurinominal.com.mx\/index.php?rest_route=\/wp\/v2\/posts"}],"about":[{"href":"https:\/\/www.plurinominal.com.mx\/index.php?rest_route=\/wp\/v2\/types\/post"}],"author":[{"embeddable":true,"href":"https:\/\/www.plurinominal.com.mx\/index.php?rest_route=\/wp\/v2\/users\/1"}],"replies":[{"embeddable":true,"href":"https:\/\/www.plurinominal.com.mx\/index.php?rest_route=%2Fwp%2Fv2%2Fcomments&post=9455"}],"version-history":[{"count":0,"href":"https:\/\/www.plurinominal.com.mx\/index.php?rest_route=\/wp\/v2\/posts\/9455\/revisions"}],"wp:attachment":[{"href":"https:\/\/www.plurinominal.com.mx\/index.php?rest_route=%2Fwp%2Fv2%2Fmedia&parent=9455"}],"wp:term":[{"taxonomy":"category","embeddable":true,"href":"https:\/\/www.plurinominal.com.mx\/index.php?rest_route=%2Fwp%2Fv2%2Fcategories&post=9455"},{"taxonomy":"post_tag","embeddable":true,"href":"https:\/\/www.plurinominal.com.mx\/index.php?rest_route=%2Fwp%2Fv2%2Ftags&post=9455"}],"curies":[{"name":"wp","href":"https:\/\/api.w.org\/{rel}","templated":true}]}}