{"id":949,"date":"2011-12-19T19:14:50","date_gmt":"2011-12-20T01:14:50","guid":{"rendered":"http:\/\/www.plurinominal.com.mx\/?p=949"},"modified":"2011-12-19T19:14:50","modified_gmt":"2011-12-20T01:14:50","slug":"polemica-por-baile-de-dos-grupos-bryndis","status":"publish","type":"post","link":"https:\/\/www.plurinominal.com.mx\/?p=949","title":{"rendered":"Pol\u00e9mica por baile de dos grupos \u201cBryndis\u201d"},"content":{"rendered":"<p>Programan en la misma fecha eventos, uno en Cerritos, otro en Villa Ju\u00e1rez<\/p>\n<p>Jos\u00e9 \u00c1ngel Mtz.<br \/>\nSe ha generado pol\u00e9mica por la celebraci\u00f3n de los bailes organizados con dos grupos con el mismo nombre de Bryndis. Uno es el de Lupe Guevara, quien fuera el vocalista del grupo que aun comanda Mauro Posadas.<br \/>\nSer\u00e1 el 28 de diciembre la fecha en que los dos Bryndis estar\u00e1n celebrando presentaciones en Cerritos y Villa Ju\u00e1rez. En nuestro municipio estar\u00e1 Mauro Posadas con Tony Sol\u00eds, alternando con Liberaci\u00f3n, que trae nuevamente a Juan Tavares, uno de los vocalistas m\u00e1s reconocidos en el ambiente grupero de los 80\u00b4s.<br \/>\nEn el vecino municipio estar\u00e1 \u201cBryndis Por Siempre\u201d, de Lupe Guevara, originario de Villa Ju\u00e1rez, que alternar\u00e1 con los \u201cIndomables de Cedral\u201d en la Plaza Principal.<br \/>\nPara la promoci\u00f3n de ambos bailes ya se han registrado problemas.(Informaci\u00f3n completa en la edici\u00f3n impresa).<\/p>\n","protected":false},"excerpt":{"rendered":"<p>Programan en la misma fecha eventos, uno en Cerritos, otro en Villa Ju\u00e1rez Jos\u00e9 \u00c1ngel Mtz. Se ha generado pol\u00e9mica por la celebraci\u00f3n de los bailes organizados con dos grupos&#8230;<\/p>\n","protected":false},"author":1,"featured_media":950,"comment_status":"closed","ping_status":"open","sticky":false,"template":"","format":"standard","meta":{"footnotes":""},"categories":[3,4],"tags":[],"class_list":["post-949","post","type-post","status-publish","format-standard","has-post-thumbnail","hentry","category-cerritos","category-villa-juarez","entry","simple"],"_links":{"self":[{"href":"https:\/\/www.plurinominal.com.mx\/index.php?rest_route=\/wp\/v2\/posts\/949","targetHints":{"allow":["GET"]}}],"collection":[{"href":"https:\/\/www.plurinominal.com.mx\/index.php?rest_route=\/wp\/v2\/posts"}],"about":[{"href":"https:\/\/www.plurinominal.com.mx\/index.php?rest_route=\/wp\/v2\/types\/post"}],"author":[{"embeddable":true,"href":"https:\/\/www.plurinominal.com.mx\/index.php?rest_route=\/wp\/v2\/users\/1"}],"replies":[{"embeddable":true,"href":"https:\/\/www.plurinominal.com.mx\/index.php?rest_route=%2Fwp%2Fv2%2Fcomments&post=949"}],"version-history":[{"count":0,"href":"https:\/\/www.plurinominal.com.mx\/index.php?rest_route=\/wp\/v2\/posts\/949\/revisions"}],"wp:featuredmedia":[{"embeddable":true,"href":"https:\/\/www.plurinominal.com.mx\/index.php?rest_route=\/wp\/v2\/media\/950"}],"wp:attachment":[{"href":"https:\/\/www.plurinominal.com.mx\/index.php?rest_route=%2Fwp%2Fv2%2Fmedia&parent=949"}],"wp:term":[{"taxonomy":"category","embeddable":true,"href":"https:\/\/www.plurinominal.com.mx\/index.php?rest_route=%2Fwp%2Fv2%2Fcategories&post=949"},{"taxonomy":"post_tag","embeddable":true,"href":"https:\/\/www.plurinominal.com.mx\/index.php?rest_route=%2Fwp%2Fv2%2Ftags&post=949"}],"curies":[{"name":"wp","href":"https:\/\/api.w.org\/{rel}","templated":true}]}}