{"id":955,"date":"2011-12-19T19:17:44","date_gmt":"2011-12-20T01:17:44","guid":{"rendered":"http:\/\/www.plurinominal.com.mx\/?p=955"},"modified":"2011-12-19T19:18:30","modified_gmt":"2011-12-20T01:18:30","slug":"promocionaron-al-pri-durante-posada-navidena","status":"publish","type":"post","link":"https:\/\/www.plurinominal.com.mx\/?p=955","title":{"rendered":"Promocionaron al PRI durante \u201cposada navide\u00f1a\u201d"},"content":{"rendered":"<p>Del equipo de redacci\u00f3n<br \/>\nAprovechando la nutrida asistencia de personas en el acto de la \u201cposada navide\u00f1a\u201d de este 17 de diciembre, organizadores manifestaron ante los asistentes que \u201cel PRI estaba abierto para todos los ciudadanos\u201d. \u00abEstamos con ustedes en las buenas y en las malas\u00bb. Expres\u00f3 Jaime Montelongo.<br \/>\nPor su parte, la Licenciada Leticia V\u00e1zquez Hern\u00e1ndez, \u2014Presidenta de la Organizaci\u00f3n Municipal de  Mujeres Pri\u00edstas\u2014, durante su intervenci\u00f3n agradeci\u00f3 la presencia de la Secretaria General del Comit\u00e9 Directivo Estatal, Rosa Mar\u00eda Huerta, as\u00ed como la aportaci\u00f3n de Ram\u00f3n Guardiola, y a todos sus compa\u00f1eros de trabajo por la contribuci\u00f3n realizada.<br \/>\nSe reconoci\u00f3 el apoyo de las familias Pacheco Balderas, Mart\u00ednez Reyes y Moreno Rodr\u00edguez, as\u00ed como de Jos\u00e9 Rosales, \u2014un paisano \u201cya retirado\u201d\u2014, pero que quiere contribuir con el municipio.<br \/>\n(Informaci\u00f3n completa en la edici\u00f3n impresa)&#8230;<\/p>\n","protected":false},"excerpt":{"rendered":"<p>Del equipo de redacci\u00f3n Aprovechando la nutrida asistencia de personas en el acto de la \u201cposada navide\u00f1a\u201d de este 17 de diciembre, organizadores manifestaron ante los asistentes que \u201cel PRI&#8230;<\/p>\n","protected":false},"author":1,"featured_media":958,"comment_status":"closed","ping_status":"open","sticky":false,"template":"","format":"standard","meta":{"footnotes":""},"categories":[3],"tags":[],"class_list":["post-955","post","type-post","status-publish","format-standard","has-post-thumbnail","hentry","category-cerritos","entry","simple"],"_links":{"self":[{"href":"https:\/\/www.plurinominal.com.mx\/index.php?rest_route=\/wp\/v2\/posts\/955","targetHints":{"allow":["GET"]}}],"collection":[{"href":"https:\/\/www.plurinominal.com.mx\/index.php?rest_route=\/wp\/v2\/posts"}],"about":[{"href":"https:\/\/www.plurinominal.com.mx\/index.php?rest_route=\/wp\/v2\/types\/post"}],"author":[{"embeddable":true,"href":"https:\/\/www.plurinominal.com.mx\/index.php?rest_route=\/wp\/v2\/users\/1"}],"replies":[{"embeddable":true,"href":"https:\/\/www.plurinominal.com.mx\/index.php?rest_route=%2Fwp%2Fv2%2Fcomments&post=955"}],"version-history":[{"count":0,"href":"https:\/\/www.plurinominal.com.mx\/index.php?rest_route=\/wp\/v2\/posts\/955\/revisions"}],"wp:featuredmedia":[{"embeddable":true,"href":"https:\/\/www.plurinominal.com.mx\/index.php?rest_route=\/wp\/v2\/media\/958"}],"wp:attachment":[{"href":"https:\/\/www.plurinominal.com.mx\/index.php?rest_route=%2Fwp%2Fv2%2Fmedia&parent=955"}],"wp:term":[{"taxonomy":"category","embeddable":true,"href":"https:\/\/www.plurinominal.com.mx\/index.php?rest_route=%2Fwp%2Fv2%2Fcategories&post=955"},{"taxonomy":"post_tag","embeddable":true,"href":"https:\/\/www.plurinominal.com.mx\/index.php?rest_route=%2Fwp%2Fv2%2Ftags&post=955"}],"curies":[{"name":"wp","href":"https:\/\/api.w.org\/{rel}","templated":true}]}}