{"id":960,"date":"2011-12-19T19:25:00","date_gmt":"2011-12-20T01:25:00","guid":{"rendered":"http:\/\/www.plurinominal.com.mx\/?p=960"},"modified":"2011-12-19T19:25:00","modified_gmt":"2011-12-20T01:25:00","slug":"golpearon-a-menor-en-la-nuca-durante-la-posada-estuvo-a-punto-de-convulsionarse","status":"publish","type":"post","link":"https:\/\/www.plurinominal.com.mx\/?p=960","title":{"rendered":"Golpearon a menor en la nuca durante la posada, estuvo a punto de convulsionarse"},"content":{"rendered":"<p>Del equipo de redacci\u00f3n<br \/>\nMenor de edad fue golpeado durante la posada del s\u00e1bado 17 de diciembre. Por el golpe que sufri\u00f3 en la nuca, estuvo a punto de convulsionarse y fue llevado recibir atenci\u00f3n m\u00e9dica urgente.<br \/>\nEl reloj aun no marcaba la media noche, cuando en compa\u00f1\u00eda de su hijo, Laurencio Jim\u00e9nez Res\u00e9ndiz, \u2014de 56 a\u00f1os de edad y con domicilio en la calle Ni\u00f1o Artillero 105 de la Colonia Guadalupe\u2014, expuso el modo en que su familiar fue golpeado.<br \/>\nApenas se llevaba a cabo la entrega de dulces en el evento de este s\u00e1bado, poco antes de las 22:00 horas, cuando Geovanny Emanuel recibi\u00f3 un golpe en la nuca.<br \/>\nEl ni\u00f1o refiri\u00f3 mucho dolor en la zona, mientras perd\u00eda la coordinaci\u00f3n de sus movimientos musculares. Dio signos de quererse convulsionar y por este motivo se le traslad\u00f3 a recibir atenci\u00f3n urgente al IMSS.<br \/>\nNo se dieron datos precisos de los responsables, \u00fanicamente se mencion\u00f3 a una persona de nombre Israel Ruiz de la calle Manuel Acu\u00f1a. \u201cEs hijo del Chito\u201d, mencion\u00f3 el ofendido.<br \/>\nComo el menor cuenta apenas con 12 a\u00f1os de edad y se teme por su salud, el padre del ni\u00f1o pasar\u00eda a formalizar su denuncia ante el Ministerio P\u00fablico.<\/p>\n","protected":false},"excerpt":{"rendered":"<p>Del equipo de redacci\u00f3n Menor de edad fue golpeado durante la posada del s\u00e1bado 17 de diciembre. Por el golpe que sufri\u00f3 en la nuca, estuvo a punto de convulsionarse&#8230;<\/p>\n","protected":false},"author":1,"featured_media":0,"comment_status":"closed","ping_status":"open","sticky":false,"template":"","format":"standard","meta":{"footnotes":""},"categories":[3],"tags":[],"class_list":["post-960","post","type-post","status-publish","format-standard","hentry","category-cerritos","entry","simple"],"_links":{"self":[{"href":"https:\/\/www.plurinominal.com.mx\/index.php?rest_route=\/wp\/v2\/posts\/960","targetHints":{"allow":["GET"]}}],"collection":[{"href":"https:\/\/www.plurinominal.com.mx\/index.php?rest_route=\/wp\/v2\/posts"}],"about":[{"href":"https:\/\/www.plurinominal.com.mx\/index.php?rest_route=\/wp\/v2\/types\/post"}],"author":[{"embeddable":true,"href":"https:\/\/www.plurinominal.com.mx\/index.php?rest_route=\/wp\/v2\/users\/1"}],"replies":[{"embeddable":true,"href":"https:\/\/www.plurinominal.com.mx\/index.php?rest_route=%2Fwp%2Fv2%2Fcomments&post=960"}],"version-history":[{"count":0,"href":"https:\/\/www.plurinominal.com.mx\/index.php?rest_route=\/wp\/v2\/posts\/960\/revisions"}],"wp:attachment":[{"href":"https:\/\/www.plurinominal.com.mx\/index.php?rest_route=%2Fwp%2Fv2%2Fmedia&parent=960"}],"wp:term":[{"taxonomy":"category","embeddable":true,"href":"https:\/\/www.plurinominal.com.mx\/index.php?rest_route=%2Fwp%2Fv2%2Fcategories&post=960"},{"taxonomy":"post_tag","embeddable":true,"href":"https:\/\/www.plurinominal.com.mx\/index.php?rest_route=%2Fwp%2Fv2%2Ftags&post=960"}],"curies":[{"name":"wp","href":"https:\/\/api.w.org\/{rel}","templated":true}]}}