{"id":9678,"date":"2016-04-14T01:16:16","date_gmt":"2016-04-14T06:16:16","guid":{"rendered":"http:\/\/www.plurinominal.com.mx\/?p=9678"},"modified":"2016-04-14T01:18:16","modified_gmt":"2016-04-14T06:18:16","slug":"mi-mujer-mas-culta","status":"publish","type":"post","link":"https:\/\/www.plurinominal.com.mx\/?p=9678","title":{"rendered":"Mi mujer m\u00e1s culta"},"content":{"rendered":"<p style=\"text-align: justify;\"><em>MARCO SERNA<\/em><br \/>\nMe acuerdo de una ex muy culta, amante de la literatura y la pintura. Ella me convid\u00f3 a una exposici\u00f3n de un artista de Alemania, en el Centro de las Artes de San Luis Potos\u00ed.<br \/>\nMi formaci\u00f3n acad\u00e9mica no es mucha. Crec\u00ed en el seno de una familia pobre, donde mi mayor instrucci\u00f3n lo fueron las revistas de El Mil Chistes, As\u00ed Soy y Qu\u00e9, Sensacional de Maistros, Sensacional de Traileros y El Libro Vaquero, entre otras, pero como andaba quedando, no quise hacerle el feo y opt\u00e9 por acompa\u00f1arla a la muestra de cuadros.<br \/>\nMientras ella admiraba cada uno, yo solo miraba manchas, rayas, y gotas de pintura de las que recuerdo, hac\u00eda cuando ni\u00f1o, de esas veces que mi mam\u00e1 ajustaba para alguna acuarela y yo me pon\u00eda a jugar en el suelo de la calle.<br \/>\nDurante la exhibici\u00f3n me acord\u00e9 de el cuento El Traje Nuevo de El Emperador. Un relato que me contaba mi abuelo. Porque mientras todos ve\u00edan en \u00e9l a un ser con un \u201ctraje nuevo\u201d, una ni\u00f1a se atrevi\u00f3 a decirle que miraba un hombre desnudo.<br \/>\nMi ignorancia sigue siendo bastante, aunque lucho por disolverla solo concluyo en que crece cada d\u00eda, pero me acuerdo que mientras los asistentes al Centro apreciaban arte, yo solo admiraba manchas.<br \/>\nNo s\u00e9 nada de pintura; pero me hubiera gustado describir cada pincelazo, esa traducci\u00f3n art\u00edstica plasmada en lienzos que logra recorrer el mundo para ser apreciada.<br \/>\nHubiese hablado de tradici\u00f3n, experimentaci\u00f3n, conceptos est\u00e9ticos, a veces cronol\u00f3gicos que han evolucionado desde la edad media hasta la modernidad, \u00bfo por qu\u00e9 no? Del sentido ambiguo de actualidad y anta\u00f1o, de las formas, las l\u00edneas, los cubos, de la separaci\u00f3n de los criterios historiogr\u00e1ficos y museol\u00f3gicos, combinados con el entorno que ofrece el Centro de las Artes, \u2013donde por cierto alguna vez estuvo internado mi compa\u00f1ero Mario \u201cEl Chemo\u201d Anselmo\u2013.<br \/>\nYo no me lo perdono. No s\u00e9 c\u00f3mo mi cerebro, prefiere aun las historietas de la Editorial Ejea. Esas impresas en el frente con couch\u00e9, en Offset, con el interior en papel revoluci\u00f3n a color, de algunas 80 p\u00e1ginas; historietas contadas con morbo y albur.<br \/>\nYo creo que por eso no pude cultivarme, hoy me hubiese tuteado con expertos en arte. Esa falta de instrucci\u00f3n del conocimiento ha de ser mi condena, de aqu\u00ed hasta que fallezca, de hecho es a veces lo que me quita el sue\u00f1o. Y es ah\u00ed, donde la recuerdo a ella\u2026 bella, tan intelectual, admirando cuadros, inmersa en sus lecturas, y comprendo, que yo, envuelto en ignorancia no tuve capacidad para encontrar paradojas a las pinturas del artista Alem\u00e1n que exhib\u00eda su trabajo, al menos para adecuar alguna caracter\u00edstica o descubrir alguna influencia de Picasso, Da Vinci, Van Gogh, Dal\u00ed, De Goya, Miguel \u00c1ngel, pero no; me qued\u00e9 quieto, buscando explicaciones frente a las obras. Y ella lo not\u00f3.<br \/>\nNot\u00f3 que me fren\u00f3 la falta de conocimiento sobre el tema, not\u00f3 que no pude hablar de El Greco, invocar a Vel\u00e1zquez, o a Rembrandt para adecuarlos a esas innovaciones art\u00edsticas que no han encontrado el obsoleto.<br \/>\nMe hubiera gustado saber de arte. Saber de las nuevas ideas sobre la naturaleza, sobre lo abstracto, lo convencional, quisiera haber podido hablar en ese instante sobre lo infinito o de lo ef\u00edmero, de la arquitectura del hierro y del cristal que llevaron al cambio de las relaciones productivas y sociales para influir en la vida y pensamiento del artista y del espectador.<br \/>\nHa pasado mucho desde entonces. Al distinguir mi falta de cultura y saber que mi posici\u00f3n econ\u00f3mica tampoco era buena, que no tengo un futuro prometedor y que nunca estuve preparado para el matrimonio, mi novia me cort\u00f3.<br \/>\nDesde entonces ella sigue visitando galer\u00edas, mientras los que me conocen saben que a m\u00ed me pueden encontrar en los puestos de revistas m\u00e1s cercanos.<br \/>\nLas editoriales de mis ejemplares favoritos se declararon en quiebra antes de los 90s.<br \/>\nEn la actualidad pregunto a los voceadores por el n\u00famero 487, que es el \u00fanico que me falta para completar mi colecci\u00f3n de \u201cAs\u00ed soy y qu\u00e9\u2026<br \/>\nSi Ustedes lo tienen, y son extra\u00f1os al arte, como yo, env\u00edenme correo a marco_serna@hotmail.com, tal vez podamos negociar pues tengo algunos n\u00fameros de Kalim\u00e1n repetidos.<\/p>\n","protected":false},"excerpt":{"rendered":"<p>MARCO SERNA Me acuerdo de una ex muy culta, amante de la literatura y la pintura. Ella me convid\u00f3 a una exposici\u00f3n de un artista de Alemania, en el Centro&#8230;<\/p>\n","protected":false},"author":1,"featured_media":0,"comment_status":"closed","ping_status":"open","sticky":false,"template":"","format":"standard","meta":{"footnotes":""},"categories":[483,486],"tags":[],"class_list":["post-9678","post","type-post","status-publish","format-standard","hentry","category-cultura","category-educacion","entry","simple"],"_links":{"self":[{"href":"https:\/\/www.plurinominal.com.mx\/index.php?rest_route=\/wp\/v2\/posts\/9678","targetHints":{"allow":["GET"]}}],"collection":[{"href":"https:\/\/www.plurinominal.com.mx\/index.php?rest_route=\/wp\/v2\/posts"}],"about":[{"href":"https:\/\/www.plurinominal.com.mx\/index.php?rest_route=\/wp\/v2\/types\/post"}],"author":[{"embeddable":true,"href":"https:\/\/www.plurinominal.com.mx\/index.php?rest_route=\/wp\/v2\/users\/1"}],"replies":[{"embeddable":true,"href":"https:\/\/www.plurinominal.com.mx\/index.php?rest_route=%2Fwp%2Fv2%2Fcomments&post=9678"}],"version-history":[{"count":0,"href":"https:\/\/www.plurinominal.com.mx\/index.php?rest_route=\/wp\/v2\/posts\/9678\/revisions"}],"wp:attachment":[{"href":"https:\/\/www.plurinominal.com.mx\/index.php?rest_route=%2Fwp%2Fv2%2Fmedia&parent=9678"}],"wp:term":[{"taxonomy":"category","embeddable":true,"href":"https:\/\/www.plurinominal.com.mx\/index.php?rest_route=%2Fwp%2Fv2%2Fcategories&post=9678"},{"taxonomy":"post_tag","embeddable":true,"href":"https:\/\/www.plurinominal.com.mx\/index.php?rest_route=%2Fwp%2Fv2%2Ftags&post=9678"}],"curies":[{"name":"wp","href":"https:\/\/api.w.org\/{rel}","templated":true}]}}