{"id":98,"date":"2011-10-15T01:19:52","date_gmt":"2011-10-15T01:19:52","guid":{"rendered":"http:\/\/www.plurinominal.com.mx\/?p=98"},"modified":"2011-11-05T01:20:37","modified_gmt":"2011-11-05T01:20:37","slug":"concurso-de-declamacion-como-parte-del-aniversario-del-cbta-123","status":"publish","type":"post","link":"https:\/\/www.plurinominal.com.mx\/?p=98","title":{"rendered":"Concurso de Declamaci\u00f3n, como parte del aniversario del CBTA 123"},"content":{"rendered":"<p>Roc\u00edo Orozco<br \/>\nEl pasado jueves con motivo de su XXXI Aniversario, el CBTA N\u00ba 123 llevo a cabo un \u201cConcurso de Declamaci\u00f3n\u201d en la Sala Audiovisual de Cerritos.<br \/>\nAll\u00ed los alumnos de la instituci\u00f3n engalanada y la escuela Preparatoria de este municipio, nos presentaron poes\u00edas como \u201cEl regalo\u201d de Abraham Rivera, \u201cEl \u00faltimo beso\u201d An\u00f3nimo, \u201cEl d\u00eda que quieras\u201d de Amado Nervo y \u201cPoema 20\u201d de Pablo Neruda.<br \/>\nLos estudiantes que resultaron ganadores fueron: Tercer Lugar Juan Antonio Gonz\u00e1lez Ortiz, Segundo Lugar Milton Eduardo Posadas Reyes y el Primer Lugar lo ocup\u00f3 Juana Trinidad Gonzales B\u00e1ez, del CBTA 123.<br \/>\nEn el acto, se les invit\u00f3 a que siguieran prepar\u00e1ndose para este tipo de eventos culturales y se cont\u00f3 adem\u00e1s con la participaci\u00f3n de la Rondalla de la escuela.<\/p>\n","protected":false},"excerpt":{"rendered":"<p>Roc\u00edo Orozco El pasado jueves con motivo de su XXXI Aniversario, el CBTA N\u00ba 123 llevo a cabo un \u201cConcurso de Declamaci\u00f3n\u201d en la Sala Audiovisual de Cerritos. All\u00ed los&#8230;<\/p>\n","protected":false},"author":1,"featured_media":0,"comment_status":"closed","ping_status":"open","sticky":false,"template":"","format":"standard","meta":{"footnotes":""},"categories":[3],"tags":[45,46,47],"class_list":["post-98","post","type-post","status-publish","format-standard","hentry","category-cerritos","tag-cbta-123","tag-concurso","tag-declamacion","entry","simple"],"_links":{"self":[{"href":"https:\/\/www.plurinominal.com.mx\/index.php?rest_route=\/wp\/v2\/posts\/98","targetHints":{"allow":["GET"]}}],"collection":[{"href":"https:\/\/www.plurinominal.com.mx\/index.php?rest_route=\/wp\/v2\/posts"}],"about":[{"href":"https:\/\/www.plurinominal.com.mx\/index.php?rest_route=\/wp\/v2\/types\/post"}],"author":[{"embeddable":true,"href":"https:\/\/www.plurinominal.com.mx\/index.php?rest_route=\/wp\/v2\/users\/1"}],"replies":[{"embeddable":true,"href":"https:\/\/www.plurinominal.com.mx\/index.php?rest_route=%2Fwp%2Fv2%2Fcomments&post=98"}],"version-history":[{"count":0,"href":"https:\/\/www.plurinominal.com.mx\/index.php?rest_route=\/wp\/v2\/posts\/98\/revisions"}],"wp:attachment":[{"href":"https:\/\/www.plurinominal.com.mx\/index.php?rest_route=%2Fwp%2Fv2%2Fmedia&parent=98"}],"wp:term":[{"taxonomy":"category","embeddable":true,"href":"https:\/\/www.plurinominal.com.mx\/index.php?rest_route=%2Fwp%2Fv2%2Fcategories&post=98"},{"taxonomy":"post_tag","embeddable":true,"href":"https:\/\/www.plurinominal.com.mx\/index.php?rest_route=%2Fwp%2Fv2%2Ftags&post=98"}],"curies":[{"name":"wp","href":"https:\/\/api.w.org\/{rel}","templated":true}]}}