{"id":9925,"date":"2017-01-17T19:04:06","date_gmt":"2017-01-18T01:04:06","guid":{"rendered":"http:\/\/www.plurinominal.com.mx\/?p=9925"},"modified":"2017-01-17T19:04:06","modified_gmt":"2017-01-18T01:04:06","slug":"falta-informacion-sobre-cambios-en-estacionamientos-y-vialidades","status":"publish","type":"post","link":"https:\/\/www.plurinominal.com.mx\/?p=9925","title":{"rendered":"Falta informaci\u00f3n sobre cambios en estacionamientos y vialidades"},"content":{"rendered":"<ul>\n<li>Conductores siguen usando como estacionamiento el lado poniente de la plaza principal<\/li>\n<\/ul>\n<p>FRANCISCO V. DE LA CRUZ<\/p>\n<p style=\"text-align: justify;\">El s\u00e1bado 14 de enero conductores segu\u00edan utilizando como estacionamiento el lado poniente de la plaza principal, a pesar de que el municipio inform\u00f3, que a partir del 12 de enero, quedaba prohibido colocarse en la calle Jard\u00edn Hidalgo, entre Guerrero y Morelos.<br \/>\nLa principal excusa de los automovilistas fue que desconoc\u00edan las nuevas disposiciones llevadas a cabo por las autoridades municipales y de vialidad, \u201cnosotros no estamos informados sobre la prohibici\u00f3n\u00bb, dijo un se\u00f1or a este espacio.<br \/>\nMuchos llegaban de forma apresurada y bajaban de sus veh\u00edculos directo al cajero.<br \/>\nAlgunos peatones, desde la plaza los advert\u00edan de ser infraccionados e informaban que all\u00ed no pod\u00edan estacionarse, no sin ver la cara de molestia de los conductores, que regresaban a sus veh\u00edculos para llevarlos a otro lugar del centro.<br \/>\nChoferes provenientes de comunidades dijeron que los anuncios de no estacionarse son peque\u00f1os y ellos no entienden del \u201cc\u00edrculo\u201d, era mejor un letrero grande que dijera \u00abprohibido estacionarse\u00bb.<br \/>\nCriticaron el lugar donde se pusieron los anuncios, dijeron que debieron colocarse donde hubiera m\u00e1s visibilidad y a mayor tama\u00f1o.<br \/>\nPor la tarde se vio a algunos elementos de la Direcci\u00f3n de Seguridad P\u00fablica Municipal buscando a los propietarios de veh\u00edculos que fueron dejados en la zona ahora prohibida,<br \/>\nNo se supo de infracciones, se supone que la prohibici\u00f3n se encuentra en un periodo de tolerancia para los que no conocen dicha medida.<br \/>\nAsimismo, a partir del 20 de enero ser\u00e1 regulado el tiempo de estacionamiento a una hora por veh\u00edculo alrededor de la plaza.<\/p>\n","protected":false},"excerpt":{"rendered":"<p>Conductores siguen usando como estacionamiento el lado poniente de la plaza principal FRANCISCO V. DE LA CRUZ El s\u00e1bado 14 de enero conductores segu\u00edan utilizando como estacionamiento el lado poniente&#8230;<\/p>\n","protected":false},"author":1,"featured_media":9922,"comment_status":"closed","ping_status":"open","sticky":false,"template":"","format":"standard","meta":{"footnotes":""},"categories":[3,483,486,465],"tags":[],"class_list":["post-9925","post","type-post","status-publish","format-standard","has-post-thumbnail","hentry","category-cerritos","category-cultura","category-educacion","category-policia-2","entry","simple"],"_links":{"self":[{"href":"https:\/\/www.plurinominal.com.mx\/index.php?rest_route=\/wp\/v2\/posts\/9925","targetHints":{"allow":["GET"]}}],"collection":[{"href":"https:\/\/www.plurinominal.com.mx\/index.php?rest_route=\/wp\/v2\/posts"}],"about":[{"href":"https:\/\/www.plurinominal.com.mx\/index.php?rest_route=\/wp\/v2\/types\/post"}],"author":[{"embeddable":true,"href":"https:\/\/www.plurinominal.com.mx\/index.php?rest_route=\/wp\/v2\/users\/1"}],"replies":[{"embeddable":true,"href":"https:\/\/www.plurinominal.com.mx\/index.php?rest_route=%2Fwp%2Fv2%2Fcomments&post=9925"}],"version-history":[{"count":0,"href":"https:\/\/www.plurinominal.com.mx\/index.php?rest_route=\/wp\/v2\/posts\/9925\/revisions"}],"wp:featuredmedia":[{"embeddable":true,"href":"https:\/\/www.plurinominal.com.mx\/index.php?rest_route=\/wp\/v2\/media\/9922"}],"wp:attachment":[{"href":"https:\/\/www.plurinominal.com.mx\/index.php?rest_route=%2Fwp%2Fv2%2Fmedia&parent=9925"}],"wp:term":[{"taxonomy":"category","embeddable":true,"href":"https:\/\/www.plurinominal.com.mx\/index.php?rest_route=%2Fwp%2Fv2%2Fcategories&post=9925"},{"taxonomy":"post_tag","embeddable":true,"href":"https:\/\/www.plurinominal.com.mx\/index.php?rest_route=%2Fwp%2Fv2%2Ftags&post=9925"}],"curies":[{"name":"wp","href":"https:\/\/api.w.org\/{rel}","templated":true}]}}