{"id":9949,"date":"2017-01-24T12:49:29","date_gmt":"2017-01-24T18:49:29","guid":{"rendered":"http:\/\/www.plurinominal.com.mx\/?p=9949"},"modified":"2017-01-24T12:49:29","modified_gmt":"2017-01-24T18:49:29","slug":"operacion-mochila-debe-empezar-desde-casa-director-de-secundaria","status":"publish","type":"post","link":"https:\/\/www.plurinominal.com.mx\/?p=9949","title":{"rendered":"Operaci\u00f3n mochila debe empezar desde casa: Director de Secundaria"},"content":{"rendered":"<figure id=\"attachment_9950\" aria-describedby=\"caption-attachment-9950\" style=\"width: 142px\" class=\"wp-caption alignright\"><a href=\"https:\/\/www.plurinominal.com.mx\/?attachment_id=9950\" rel=\"attachment wp-att-9950\"><img loading=\"lazy\" decoding=\"async\" class=\"size-full wp-image-9950\" src=\"https:\/\/www.plurinominal.com.mx\/wp-content\/uploads\/angel-guerrero-martinez.jpg\" alt=\"\" width=\"142\" height=\"127\"><\/a><figcaption id=\"caption-attachment-9950\" class=\"wp-caption-text\">El Profesor \u00c1ngel Guerrero Mart\u00ednez, Director de la Secundaria T\u00e9cnica 27.<\/figcaption><\/figure>\n<ul>\n<li>Padres de familia est\u00e1n de acuerdo en la implementaci\u00f3n de medidas preventivas<\/li>\n<li>Derechos Humanos recomienda que no se esculquen las pertenencias de menores<\/li>\n<\/ul>\n<p style=\"text-align: justify;\">MARCO SERNA<br \/>\nA reuni\u00f3n con padres de familia convoc\u00f3 la Direcci\u00f3n de la Escuela Secundaria T\u00e9cnica 27, con el fin de prevenir situaciones como la ocurrida en Monterrey donde un adolescente lesion\u00f3 de gravedad a compa\u00f1eros y a una maestra utilizando un arma.<br \/>\nEntrevistado, el Profesor \u00c1ngel Guerrero Mart\u00ednez dijo que de forma oficial la Secretar\u00eda de Educaci\u00f3n no ha emitido ninguna recomendaci\u00f3n, pero esto no debe frenar las precauciones que cualquier escuela debe adoptar.<br \/>\nAgreg\u00f3 que ya se entabl\u00f3 conversaci\u00f3n con el Consejo de Participaci\u00f3n Social y con la Sociedad de Padres de Familia, quienes dijeron estar en la mejor disposici\u00f3n para apoyar las determinaciones preventivas.<br \/>\n\u201cAhorita no ha habido ning\u00fan caso de tal magnitud en la escuela, pero a veces se conf\u00eda uno\u201d, se\u00f1al\u00f3 el Director, quien reconoci\u00f3 que en esta \u00e9poca todos los muchachos cuentan con espacios en las redes sociales pero est\u00e1 prohibido que ingresen a clases con aparatos celulares.<br \/>\nDijo que este fue uno de los acuerdos con los padres de familia, de impedir que los alumnos lleven tel\u00e9fonos a la escuela, y aunque alguna vez se trat\u00f3 de revisar las mochilas se atendi\u00f3 a recomendaciones de la Comisi\u00f3n de Derechos Humanos.<br \/>\n\u201cPero s\u00ed es necesario llevar a cabo esta pr\u00e1ctica, en ocasiones la hemos implementado con el apoyo de los padres de familia, pero hubo recomendaciones de Derechos Humanos de que se evitara\u201d, explic\u00f3 al Director, quien dijo que est\u00e1 prohibido meter las manos en el interior de las mochilas de alumnos.<br \/>\nSobre la tragedia de Monterrey, Guerrero Mart\u00ednez manifest\u00f3 que \u201cnos puede suceder a cualquiera, no estamos exentos a que alg\u00fan ni\u00f1o pueda actuar de esa forma, porque aunque los conocemos y tratamos a diario es imposible saber los problemas que traen desde casa\u201d.<br \/>\nA los padres de familia les recomend\u00f3 mantener un acercamiento mayor con sus hijos, \u201cla operaci\u00f3n mochila debe empezar desde casa\u201d, expres\u00f3.<br \/>\nMencion\u00f3 que las instituciones cuentan con personal que atiende problemas psicol\u00f3gicos que se detectan en alumnos, sin embargo otras desviaciones son imposibles de diagnosticar a simple vista.<\/p>\n","protected":false},"excerpt":{"rendered":"<p>Padres de familia est\u00e1n de acuerdo en la implementaci\u00f3n de medidas preventivas Derechos Humanos recomienda que no se esculquen las pertenencias de menores MARCO SERNA A reuni\u00f3n con padres de&#8230;<\/p>\n","protected":false},"author":1,"featured_media":0,"comment_status":"closed","ping_status":"open","sticky":false,"template":"","format":"standard","meta":{"footnotes":""},"categories":[486,4],"tags":[],"class_list":["post-9949","post","type-post","status-publish","format-standard","hentry","category-educacion","category-villa-juarez","entry","simple"],"_links":{"self":[{"href":"https:\/\/www.plurinominal.com.mx\/index.php?rest_route=\/wp\/v2\/posts\/9949","targetHints":{"allow":["GET"]}}],"collection":[{"href":"https:\/\/www.plurinominal.com.mx\/index.php?rest_route=\/wp\/v2\/posts"}],"about":[{"href":"https:\/\/www.plurinominal.com.mx\/index.php?rest_route=\/wp\/v2\/types\/post"}],"author":[{"embeddable":true,"href":"https:\/\/www.plurinominal.com.mx\/index.php?rest_route=\/wp\/v2\/users\/1"}],"replies":[{"embeddable":true,"href":"https:\/\/www.plurinominal.com.mx\/index.php?rest_route=%2Fwp%2Fv2%2Fcomments&post=9949"}],"version-history":[{"count":0,"href":"https:\/\/www.plurinominal.com.mx\/index.php?rest_route=\/wp\/v2\/posts\/9949\/revisions"}],"wp:attachment":[{"href":"https:\/\/www.plurinominal.com.mx\/index.php?rest_route=%2Fwp%2Fv2%2Fmedia&parent=9949"}],"wp:term":[{"taxonomy":"category","embeddable":true,"href":"https:\/\/www.plurinominal.com.mx\/index.php?rest_route=%2Fwp%2Fv2%2Fcategories&post=9949"},{"taxonomy":"post_tag","embeddable":true,"href":"https:\/\/www.plurinominal.com.mx\/index.php?rest_route=%2Fwp%2Fv2%2Ftags&post=9949"}],"curies":[{"name":"wp","href":"https:\/\/api.w.org\/{rel}","templated":true}]}}