{"id":995,"date":"2011-12-03T19:52:44","date_gmt":"2011-12-04T01:52:44","guid":{"rendered":"http:\/\/www.plurinominal.com.mx\/?p=995"},"modified":"2011-12-19T19:53:00","modified_gmt":"2011-12-20T01:53:00","slug":"camioneta-de-funcionario-obstruyo-carrera-atletica","status":"publish","type":"post","link":"https:\/\/www.plurinominal.com.mx\/?p=995","title":{"rendered":"Camioneta de funcionario obstruy\u00f3 carrera atl\u00e9tica"},"content":{"rendered":"<p>Marco Serna \/ Ma. del Carmen V.<br \/>\nDebido a una falla, la camioneta de un funcionario municipal obstruy\u00f3 la carrera atl\u00e9tica del viernes 2 de diciembre.<br \/>\nTodo inici\u00f3 sin contratiempos, porque los participantes fueron puntuales para salir frente a la presidencia municipal.<br \/>\nLos corredores se enfilaron por la calle Morelos hasta llegar a la calle Bravo.<br \/>\nDe all\u00ed siguieron rumbo a la gasolinera y posteriormente tomaron la calle Ju\u00e1rez, pero en la plaza principal, \u2014precisamente en la esquina de Zaragoza e Hidalgo\u2014, estaba averiada una camioneta roja propiedad Galdino Wong, Secretario Particular del Presidente Municipal Erasmo Galv\u00e1n Nieto.<br \/>\n\u00c9sta se interpuso al paso de la patrulla que presid\u00eda la carrera, debido a que se le rompi\u00f3 la horquilla derecha.<br \/>\nEl objeto oblig\u00f3 a que los corredores se amontonaran, incluso algunos cambiaron el rumbo, pero luego les gritaron para indicarles el camino correcto. Algunos de ellos perdieron la ventaja que llevaban.<br \/>\nLa patrulla tuvo que enfilar por la calle Zaragoza, \u2014en sentido contrario\u2014 y posteriormente encontr\u00f3 nuevamente la ruta de los corredores.<br \/>\nLa camioneta del funcionario municipal permaneci\u00f3 en el lugar hasta que hizo su aparici\u00f3n la gr\u00faa del servicio VECA, quien la retir\u00f3.<\/p>\n","protected":false},"excerpt":{"rendered":"<p>Marco Serna \/ Ma. del Carmen V. Debido a una falla, la camioneta de un funcionario municipal obstruy\u00f3 la carrera atl\u00e9tica del viernes 2 de diciembre. Todo inici\u00f3 sin contratiempos,&#8230;<\/p>\n","protected":false},"author":1,"featured_media":0,"comment_status":"closed","ping_status":"open","sticky":false,"template":"","format":"standard","meta":{"footnotes":""},"categories":[3],"tags":[],"class_list":["post-995","post","type-post","status-publish","format-standard","hentry","category-cerritos","entry","simple"],"_links":{"self":[{"href":"https:\/\/www.plurinominal.com.mx\/index.php?rest_route=\/wp\/v2\/posts\/995","targetHints":{"allow":["GET"]}}],"collection":[{"href":"https:\/\/www.plurinominal.com.mx\/index.php?rest_route=\/wp\/v2\/posts"}],"about":[{"href":"https:\/\/www.plurinominal.com.mx\/index.php?rest_route=\/wp\/v2\/types\/post"}],"author":[{"embeddable":true,"href":"https:\/\/www.plurinominal.com.mx\/index.php?rest_route=\/wp\/v2\/users\/1"}],"replies":[{"embeddable":true,"href":"https:\/\/www.plurinominal.com.mx\/index.php?rest_route=%2Fwp%2Fv2%2Fcomments&post=995"}],"version-history":[{"count":0,"href":"https:\/\/www.plurinominal.com.mx\/index.php?rest_route=\/wp\/v2\/posts\/995\/revisions"}],"wp:attachment":[{"href":"https:\/\/www.plurinominal.com.mx\/index.php?rest_route=%2Fwp%2Fv2%2Fmedia&parent=995"}],"wp:term":[{"taxonomy":"category","embeddable":true,"href":"https:\/\/www.plurinominal.com.mx\/index.php?rest_route=%2Fwp%2Fv2%2Fcategories&post=995"},{"taxonomy":"post_tag","embeddable":true,"href":"https:\/\/www.plurinominal.com.mx\/index.php?rest_route=%2Fwp%2Fv2%2Ftags&post=995"}],"curies":[{"name":"wp","href":"https:\/\/api.w.org\/{rel}","templated":true}]}}