{"id":997,"date":"2011-12-05T19:53:15","date_gmt":"2011-12-06T01:53:15","guid":{"rendered":"http:\/\/www.plurinominal.com.mx\/?p=997"},"modified":"2011-12-19T19:53:32","modified_gmt":"2011-12-20T01:53:32","slug":"robo-al-taller-municipal-fue-cometido-por-trabajador-del-mismo-revela-comision-investigadora","status":"publish","type":"post","link":"https:\/\/www.plurinominal.com.mx\/?p=997","title":{"rendered":"Robo al Taller Municipal fue cometido por trabajador del mismo, revela Comisi\u00f3n Investigadora"},"content":{"rendered":"<p>Tambi\u00e9n se llevaron un convertidor de la misma m\u00e1quina <\/p>\n<p>Ma. del Carmen V.<br \/>\nLa Comisi\u00f3n conformada por el Presidente Municipal para llevar a cabo la indagatoria sobre el robo al Taller Municipal ha continuado con los trabajos de investigaci\u00f3n.<br \/>\nLos integrantes de la misma manifestaron a Plurinominal que todo indica que fue cometido por un trabajador del propio taller.<br \/>\nSe logr\u00f3 establecer que los amantes de lo ajeno tambi\u00e9n cargaron con un convertidor de la misma m\u00e1quina, \u00e9ste es un objeto valioso. Va ubicado cerca de la marcha.<br \/>\nCon el otro art\u00edculo sustra\u00eddo el valor de lo robado aumenta considerablemente.<br \/>\nUrge encontrar al responsable del hurto para qu\u00e9 sea procesado por la autoridad correspondiente.<br \/>\nReconocieron que \u00e9ste se encuentra en una encrucijada.<br \/>\nDe ser denunciado no alcanzar\u00eda el beneficio de la libertad bajo fianza, pues desde el momento en que es trabajador del mismo taller el delito se convierte en calificado.<br \/>\nEl Presidente Municipal nombr\u00f3 al responsable de la Comisi\u00f3n de Investigaci\u00f3n, Salvador Mart\u00ednez Lumbreras, conocido como \u00abLa Harina\u00bb.<br \/>\nEn entrevista, manifest\u00f3 que ha sostenido distintas pl\u00e1ticas con trabajadores del Taller Municipal y que de ah\u00ed se vislumbr\u00f3 que el responsable del hurto es un trabajador del mismo lugar.<br \/>\n\u00abLa Harina\u00bb no quiso manifestar el nombre del sospechoso, pues dijo que las investigaciones se siguen con sigilo para no ser entorpecidas.<br \/>\nDeclar\u00f3 que hay cosas reveladoras, como el nerviosismo de la persona y la actitud que ha asumido en diferentes momentos, por ello solicitar\u00e1n tambi\u00e9n a elementos ministeriales que entrevisten a los sospechosos, para corroborar las pruebas.<br \/>\nPedir\u00e1n a la polic\u00eda que se haga presente una vez que tengan m\u00e1s elementos, aunque los generados hasta el momento, ya pueden ser suficientes para inculpar al responsable.<br \/>\nLa Comisi\u00f3n investigadora, est\u00e1 aprovechando la falta de camarader\u00eda que existe entre los trabajadores del Taller Municipal.<br \/>\nAlgunos tienen enemistad con otros y que eso ha llevado a que se denuncien entre ellos mismos.<br \/>\nUno manifest\u00f3, que en el Taller Municipal existen muchas \u00abratas\u00bb, pero que por temor no se atreve a denunciarlas.<\/p>\n","protected":false},"excerpt":{"rendered":"<p>Tambi\u00e9n se llevaron un convertidor de la misma m\u00e1quina Ma. del Carmen V. La Comisi\u00f3n conformada por el Presidente Municipal para llevar a cabo la indagatoria sobre el robo al&#8230;<\/p>\n","protected":false},"author":1,"featured_media":0,"comment_status":"closed","ping_status":"open","sticky":false,"template":"","format":"standard","meta":{"footnotes":""},"categories":[3],"tags":[],"class_list":["post-997","post","type-post","status-publish","format-standard","hentry","category-cerritos","entry","simple"],"_links":{"self":[{"href":"https:\/\/www.plurinominal.com.mx\/index.php?rest_route=\/wp\/v2\/posts\/997","targetHints":{"allow":["GET"]}}],"collection":[{"href":"https:\/\/www.plurinominal.com.mx\/index.php?rest_route=\/wp\/v2\/posts"}],"about":[{"href":"https:\/\/www.plurinominal.com.mx\/index.php?rest_route=\/wp\/v2\/types\/post"}],"author":[{"embeddable":true,"href":"https:\/\/www.plurinominal.com.mx\/index.php?rest_route=\/wp\/v2\/users\/1"}],"replies":[{"embeddable":true,"href":"https:\/\/www.plurinominal.com.mx\/index.php?rest_route=%2Fwp%2Fv2%2Fcomments&post=997"}],"version-history":[{"count":0,"href":"https:\/\/www.plurinominal.com.mx\/index.php?rest_route=\/wp\/v2\/posts\/997\/revisions"}],"wp:attachment":[{"href":"https:\/\/www.plurinominal.com.mx\/index.php?rest_route=%2Fwp%2Fv2%2Fmedia&parent=997"}],"wp:term":[{"taxonomy":"category","embeddable":true,"href":"https:\/\/www.plurinominal.com.mx\/index.php?rest_route=%2Fwp%2Fv2%2Fcategories&post=997"},{"taxonomy":"post_tag","embeddable":true,"href":"https:\/\/www.plurinominal.com.mx\/index.php?rest_route=%2Fwp%2Fv2%2Ftags&post=997"}],"curies":[{"name":"wp","href":"https:\/\/api.w.org\/{rel}","templated":true}]}}